{"id":216314,"date":"2025-04-26T20:42:52","date_gmt":"2025-04-26T20:42:52","guid":{"rendered":"https:\/\/rnoticias.com.mx\/Portal\/?p=216314"},"modified":"2025-04-26T20:42:52","modified_gmt":"2025-04-26T20:42:52","slug":"apoya-proteccion-y-bienestar-animal-en-el-traslado-de-perros-rescatados-a-albergue-que-buscan-un-hogar-definitivo","status":"publish","type":"post","link":"https:\/\/rnoticias.com.mx\/Portal\/2025\/04\/26\/apoya-proteccion-y-bienestar-animal-en-el-traslado-de-perros-rescatados-a-albergue-que-buscan-un-hogar-definitivo\/","title":{"rendered":"Apoya Protecci\u00f3n y Bienestar Animal en el traslado de perros rescatados a albergue que buscan un hogar definitivo"},"content":{"rendered":"<p><b data-olk-copy-source=\"MessageBody\">Hermosillo, Sonora; 26 de abril, 2025.-\u00a0<\/b>Como parte de las acciones que el Gobierno de Hermosillo realiza a favor del bienestar de las mascotas, personal del Instituto Municipal de Protecci\u00f3n y Bienestar Animal, apoy\u00f3 en el traslado de m\u00e1s de 40 perros rescatados del albergue Vidas con Causa a nuevas instalaciones.<\/p>\n<p aria-hidden=\"true\">\n<p>\u201cComo parte de las instrucciones que nos ha encomendado el presidente municipal, Antonio Astiazar\u00e1n, el Instituto Municipal de Protecci\u00f3n y Bienestar Animal, es tener un contacto directo y hacer que la participaci\u00f3n ciudadana sea prioridad en este gobierno\u201d, expres\u00f3 el titular de la dependencia, David Palafox Celaya.<\/p>\n<p aria-hidden=\"true\">\n<p>Abund\u00f3 que el Instituto tiene colaboraci\u00f3n y apoyo de manera directa y permanente con organizaciones y rescatistas animalistas del municipio de Hermosillo, que trabajan con un prop\u00f3sito prioritario que es combatir o controlar la sobrepoblaci\u00f3n de animales sin hogar.<\/p>\n<p aria-hidden=\"true\">\n<p>En este caso espec\u00edfico, la organizaci\u00f3n que dirigen Susana Cabral y Miguel P\u00e9rez se dedica al rescate de animales y sobre todo a darles albergue, para despu\u00e9s darlos en adopci\u00f3n, por lo que se les ayuda con jornadas de esterilizaci\u00f3n, de vacunaci\u00f3n antirr\u00e1bica y desparasitaci\u00f3n.<\/p>\n<p aria-hidden=\"true\">\n<p>\u201cEste d\u00eda nos pidieron la colaboraci\u00f3n para que personal del instituto hiciera el traslado de varios animales, sobre todo caninos, para llevarlos a unas nuevas instalaciones donde estar\u00e1 trabajando esta organizaci\u00f3n\u201d, explic\u00f3.<\/p>\n<p aria-hidden=\"true\">\n<p>En la anterior administraci\u00f3n de Astiazar\u00e1n Guti\u00e9rrez se le otorg\u00f3 en comodato un terreno a esta organizaci\u00f3n para que contin\u00fae su trabajo, como lo ha hecho, con mucha responsabilidad al proteger a los animales y sobre todo tratando de darles una oportunidad de calidad de vida; y es para que est\u00e9 alejado de la mancha urbana y no tenga afectaci\u00f3n a la poblaci\u00f3n de sus alrededores.<\/p>\n<p aria-hidden=\"true\">\n<p>Susana Cabral manifest\u00f3 que quien desee adoptar a uno de los canes pueden comunicarse a trav\u00e9s de las p\u00e1ginas de Facebook e Instagram de Vidas con Causa.<\/p>\n<p aria-hidden=\"true\">\n<p>\u201cNos mandan un mensaje directo a la p\u00e1gina, los contactamos y les mandamos un cuestionario para ver qu\u00e9 tipo de necesidades tienen, qu\u00e9 perrito se puede adaptar m\u00e1s a ellos, y entonces ya nos ponemos en contacto para que vengan los visiten y vean cu\u00e1l, de hecho, ellos pueden ir al albergue a caminar con el perrito\u201d, comparti\u00f3.<\/p>\n<p aria-hidden=\"true\">\n<p>Dijo que son uno de los albergues que tienen la garant\u00eda de que, si el animalito no se adapta a la casa o a la familia, lo pueden regresar sin ning\u00fan problema, lo \u00fanico que est\u00e1 prohibido es echarlos de nuevo a la calle.<\/p>\n<p aria-hidden=\"true\">\n<p>Agreg\u00f3 que con mucho gusto se reciben donativos en medicamentos, comida, s\u00e1banas, toallas y colchas viejas, para acondicionar las casitas de los perros.<\/p>\n<p aria-hidden=\"true\">\n","protected":false},"excerpt":{"rendered":"<p>Hermosillo, Sonora; 26 de abril, 2025.-\u00a0Como parte de las acciones que el Gobierno de Hermosillo realiza a favor del bienestar de las mascotas, personal del Instituto Municipal de Protecci\u00f3n y Bienestar Animal, apoy\u00f3 en el traslado de m\u00e1s de 40 perros rescatados del albergue Vidas con Causa a nuevas instalaciones. \u201cComo parte de las instrucciones [&hellip;]<\/p>\n","protected":false},"author":2,"featured_media":216315,"comment_status":"closed","ping_status":"closed","sticky":false,"template":"","format":"standard","meta":{"footnotes":""},"categories":[12870,178],"tags":[12865,12869],"class_list":["post-216314","post","type-post","status-publish","format-standard","has-post-thumbnail","hentry","category-destacadas","category-local","tag-destacadas","tag-local"],"jetpack_featured_media_url":"https:\/\/rnoticias.com.mx\/Portal\/wp-content\/uploads\/2025\/04\/53266a29-8f87-4edb-9a2c-1e7baa51171b-scaled.jpg","amp_enabled":true,"_links":{"self":[{"href":"https:\/\/rnoticias.com.mx\/Portal\/wp-json\/wp\/v2\/posts\/216314","targetHints":{"allow":["GET"]}}],"collection":[{"href":"https:\/\/rnoticias.com.mx\/Portal\/wp-json\/wp\/v2\/posts"}],"about":[{"href":"https:\/\/rnoticias.com.mx\/Portal\/wp-json\/wp\/v2\/types\/post"}],"author":[{"embeddable":true,"href":"https:\/\/rnoticias.com.mx\/Portal\/wp-json\/wp\/v2\/users\/2"}],"replies":[{"embeddable":true,"href":"https:\/\/rnoticias.com.mx\/Portal\/wp-json\/wp\/v2\/comments?post=216314"}],"version-history":[{"count":1,"href":"https:\/\/rnoticias.com.mx\/Portal\/wp-json\/wp\/v2\/posts\/216314\/revisions"}],"predecessor-version":[{"id":216316,"href":"https:\/\/rnoticias.com.mx\/Portal\/wp-json\/wp\/v2\/posts\/216314\/revisions\/216316"}],"wp:featuredmedia":[{"embeddable":true,"href":"https:\/\/rnoticias.com.mx\/Portal\/wp-json\/wp\/v2\/media\/216315"}],"wp:attachment":[{"href":"https:\/\/rnoticias.com.mx\/Portal\/wp-json\/wp\/v2\/media?parent=216314"}],"wp:term":[{"taxonomy":"category","embeddable":true,"href":"https:\/\/rnoticias.com.mx\/Portal\/wp-json\/wp\/v2\/categories?post=216314"},{"taxonomy":"post_tag","embeddable":true,"href":"https:\/\/rnoticias.com.mx\/Portal\/wp-json\/wp\/v2\/tags?post=216314"}],"curies":[{"name":"wp","href":"https:\/\/api.w.org\/{rel}","templated":true}]}}