{"id":216311,"date":"2025-04-26T20:41:47","date_gmt":"2025-04-26T20:41:47","guid":{"rendered":"https:\/\/rnoticias.com.mx\/Portal\/?p=216311"},"modified":"2025-04-26T20:41:47","modified_gmt":"2025-04-26T20:41:47","slug":"gobierno-de-sonora-participara-en-el-primer-simulacro-nacional-2025","status":"publish","type":"post","link":"https:\/\/rnoticias.com.mx\/Portal\/2025\/04\/26\/gobierno-de-sonora-participara-en-el-primer-simulacro-nacional-2025\/","title":{"rendered":"Gobierno de Sonora participar\u00e1 en el Primer Simulacro Nacional 2025"},"content":{"rendered":"<p>Hermosillo, Sonora; 26 de abril de 2025 .- Con el objetivo de fortalecer la cultura de la prevenci\u00f3n y la respuesta ante emergencias, este martes 29 de abril se llevar\u00e1 a cabo el Primer Simulacro Nacional 2025 en todo el pa\u00eds, incluyendo el estado de Sonora.<\/p>\n<p>A la fecha, en nuestra entidad se han registrado un total de mil 293 inmuebles y se espera la participaci\u00f3n de m\u00e1s de 84 mil 868 personas, quienes pondr\u00e1n en pr\u00e1ctica sus protocolos de evacuaci\u00f3n y actuaci\u00f3n ante distintos escenarios de riesgo.<\/p>\n<p>El simulacro est\u00e1 programado para iniciar a las 10:30 horas, momento en que sonar\u00e1n las alarmas para dar inicio a la evacuaci\u00f3n de los inmuebles participantes. Este a\u00f1o, cada responsable de inmueble tuvo la oportunidad de elegir la hip\u00f3tesis a desarrollar durante el ejercicio, lo que permite adaptar los protocolos a los riesgos m\u00e1s probables seg\u00fan la ubicaci\u00f3n y caracter\u00edsticas del lugar.<\/p>\n<p>La inscripci\u00f3n para participar en este importante ejercicio a\u00fan est\u00e1 abierta, y puede realizarse a trav\u00e9s del sitio oficial:\u00a0<a href=\"https:\/\/simulacronacional.sspc.gob.mx\/1ersimulacronacional2025\/\" target=\"_blank\" rel=\"noopener\" data-saferedirecturl=\"https:\/\/www.google.com\/url?q=https:\/\/simulacronacional.sspc.gob.mx\/1ersimulacronacional2025\/&amp;source=gmail&amp;ust=1745786444363000&amp;usg=AOvVaw0_woXGAEkC_Mz4zJeT80ke\">https:\/\/simulacronacional.<wbr \/>sspc.gob.mx\/<wbr \/>1ersimulacronacional2025\/<\/a><\/p>\n<p>Los simulacros son una herramienta clave para fomentar la preparaci\u00f3n y reducir riesgos ante situaciones de emergencia. Participar es una muestra de responsabilidad y compromiso con la seguridad de todos.<\/p>\n","protected":false},"excerpt":{"rendered":"<p>Hermosillo, Sonora; 26 de abril de 2025 .- Con el objetivo de fortalecer la cultura de la prevenci\u00f3n y la respuesta ante emergencias, este martes 29 de abril se llevar\u00e1 a cabo el Primer Simulacro Nacional 2025 en todo el pa\u00eds, incluyendo el estado de Sonora. A la fecha, en nuestra entidad se han registrado [&hellip;]<\/p>\n","protected":false},"author":2,"featured_media":216312,"comment_status":"closed","ping_status":"closed","sticky":false,"template":"","format":"standard","meta":{"footnotes":""},"categories":[12870,178],"tags":[12865,12869],"class_list":["post-216311","post","type-post","status-publish","format-standard","has-post-thumbnail","hentry","category-destacadas","category-local","tag-destacadas","tag-local"],"jetpack_featured_media_url":"https:\/\/rnoticias.com.mx\/Portal\/wp-content\/uploads\/2025\/04\/unnamed-115.jpg","amp_enabled":true,"_links":{"self":[{"href":"https:\/\/rnoticias.com.mx\/Portal\/wp-json\/wp\/v2\/posts\/216311","targetHints":{"allow":["GET"]}}],"collection":[{"href":"https:\/\/rnoticias.com.mx\/Portal\/wp-json\/wp\/v2\/posts"}],"about":[{"href":"https:\/\/rnoticias.com.mx\/Portal\/wp-json\/wp\/v2\/types\/post"}],"author":[{"embeddable":true,"href":"https:\/\/rnoticias.com.mx\/Portal\/wp-json\/wp\/v2\/users\/2"}],"replies":[{"embeddable":true,"href":"https:\/\/rnoticias.com.mx\/Portal\/wp-json\/wp\/v2\/comments?post=216311"}],"version-history":[{"count":1,"href":"https:\/\/rnoticias.com.mx\/Portal\/wp-json\/wp\/v2\/posts\/216311\/revisions"}],"predecessor-version":[{"id":216313,"href":"https:\/\/rnoticias.com.mx\/Portal\/wp-json\/wp\/v2\/posts\/216311\/revisions\/216313"}],"wp:featuredmedia":[{"embeddable":true,"href":"https:\/\/rnoticias.com.mx\/Portal\/wp-json\/wp\/v2\/media\/216312"}],"wp:attachment":[{"href":"https:\/\/rnoticias.com.mx\/Portal\/wp-json\/wp\/v2\/media?parent=216311"}],"wp:term":[{"taxonomy":"category","embeddable":true,"href":"https:\/\/rnoticias.com.mx\/Portal\/wp-json\/wp\/v2\/categories?post=216311"},{"taxonomy":"post_tag","embeddable":true,"href":"https:\/\/rnoticias.com.mx\/Portal\/wp-json\/wp\/v2\/tags?post=216311"}],"curies":[{"name":"wp","href":"https:\/\/api.w.org\/{rel}","templated":true}]}}