{"id":216308,"date":"2025-04-26T17:53:36","date_gmt":"2025-04-26T17:53:36","guid":{"rendered":"https:\/\/rnoticias.com.mx\/Portal\/?p=216308"},"modified":"2025-04-26T17:53:36","modified_gmt":"2025-04-26T17:53:36","slug":"pablo-montero-responde-a-los-senalamientos-de-elda-maria","status":"publish","type":"post","link":"https:\/\/rnoticias.com.mx\/Portal\/2025\/04\/26\/pablo-montero-responde-a-los-senalamientos-de-elda-maria\/","title":{"rendered":"Pablo Montero responde a los se\u00f1alamientos de Elda Mar\u00eda"},"content":{"rendered":"<p>Pablo Montero ha brindado sus primeras declaraciones en torno a la pol\u00e9mica que enfrenta tras la denuncia legal presentada por la\u00a0<strong>influencer Elda Mar\u00eda,<\/strong>\u00a0quien lo se\u00f1ala de presuntas agresiones f\u00edsicas, luego de que supuestamente ella se negara a tener relaciones sexuales con \u00e9l y otra mujer.<\/p>\n<p>El cantante y actor respondi\u00f3 de manera firme al ejercer su derecho de r\u00e9plica, y a trav\u00e9s de mensajes de textos con el programa Venga la Alegr\u00eda, expres\u00f3 su postura ante la delicada situaci\u00f3n que de nueva cuenta lo coloca bajo el escrutinio p\u00fablico.<\/p>\n<p><strong><em>\u201cNo me voy a referir a nada de este tema y mucho menos para hablar mal de una mujer\u201d,\u00a0<\/em><\/strong>dijo en primera instancia el famoso, seg\u00fan expuso el matutino de TV Azteca.<\/p>\n<div id=\"eldia-3592835050\" class=\"eldia-contenido eldia-target\" data-eldia-trackid=\"1573641\" data-eldia-trackbid=\"1\"><\/div>\n<p>Sin querer ahondar en detalles, Pablo hizo alusi\u00f3n a una frase c\u00e9lebre del fallecido Juan Gabriel y se\u00f1al\u00f3:\u00a0<strong><em>\u201cLo que se ve no se juzga\u201d.<\/em><\/strong><\/p>\n<p>Conjuntamente, solicit\u00f3 que se analice detenidamente la versi\u00f3n de Elda Mar\u00eda sobre los presuntos hechos.<strong><em>\u00a0\u201cCualquier persona inteligente, si ve su discurso, pues te das cuenta de qu\u00e9 se trata\u201d,<\/em><\/strong>\u00a0subray\u00f3.<\/p>\n<h2 class=\"wp-block-heading\">NO HABL\u00d3 DEL INCIDENTE EN PERFUME DE GARDENIA<\/h2>\n<p>Debido a que Montero enfrenta otro controversial caso con un excompa\u00f1ero del musical\u00a0<strong>Perfume de Gardenia,\u00a0<\/strong>quien lo acusa de haberlo golpeado durante una de las funciones, el int\u00e9rprete no quiso pronunciarse al respecto, explic\u00f3 la emisi\u00f3n de\u00a0<strong>TV Azteca.<\/strong><\/p>\n<div class=\"stream-item stream-item-in-post stream-item-inline-post aligncenter\">\n<div class=\"stream-item-size\"><\/div>\n<\/div>\n<p>Hasta el momento se desconoce si la denuncia de la creadora de contenido contra Pablo fue retomada por las autoridades, ni si\u00a0<strong>Enrique Madrid, excompa\u00f1ero de Montero<\/strong>, tomar\u00e1 acciones legales contra el artista que de nueva cuenta est\u00e1 bajo el ojo del hurac\u00e1n.<\/p>\n<p>&nbsp;<\/p>\n<p>Agencia M\u00e9xico<\/p>\n","protected":false},"excerpt":{"rendered":"<p>Pablo Montero ha brindado sus primeras declaraciones en torno a la pol\u00e9mica que enfrenta tras la denuncia legal presentada por la\u00a0influencer Elda Mar\u00eda,\u00a0quien lo se\u00f1ala de presuntas agresiones f\u00edsicas, luego de que supuestamente ella se negara a tener relaciones sexuales con \u00e9l y otra mujer. El cantante y actor respondi\u00f3 de manera firme al ejercer [&hellip;]<\/p>\n","protected":false},"author":2,"featured_media":216309,"comment_status":"closed","ping_status":"closed","sticky":false,"template":"","format":"standard","meta":{"footnotes":""},"categories":[12870,219],"tags":[12865,12875],"class_list":["post-216308","post","type-post","status-publish","format-standard","has-post-thumbnail","hentry","category-destacadas","category-espectaculos","tag-destacadas","tag-espectaculos"],"jetpack_featured_media_url":"https:\/\/rnoticias.com.mx\/Portal\/wp-content\/uploads\/2025\/04\/f776x436-645458_693809_5014.webp","amp_enabled":true,"_links":{"self":[{"href":"https:\/\/rnoticias.com.mx\/Portal\/wp-json\/wp\/v2\/posts\/216308","targetHints":{"allow":["GET"]}}],"collection":[{"href":"https:\/\/rnoticias.com.mx\/Portal\/wp-json\/wp\/v2\/posts"}],"about":[{"href":"https:\/\/rnoticias.com.mx\/Portal\/wp-json\/wp\/v2\/types\/post"}],"author":[{"embeddable":true,"href":"https:\/\/rnoticias.com.mx\/Portal\/wp-json\/wp\/v2\/users\/2"}],"replies":[{"embeddable":true,"href":"https:\/\/rnoticias.com.mx\/Portal\/wp-json\/wp\/v2\/comments?post=216308"}],"version-history":[{"count":1,"href":"https:\/\/rnoticias.com.mx\/Portal\/wp-json\/wp\/v2\/posts\/216308\/revisions"}],"predecessor-version":[{"id":216310,"href":"https:\/\/rnoticias.com.mx\/Portal\/wp-json\/wp\/v2\/posts\/216308\/revisions\/216310"}],"wp:featuredmedia":[{"embeddable":true,"href":"https:\/\/rnoticias.com.mx\/Portal\/wp-json\/wp\/v2\/media\/216309"}],"wp:attachment":[{"href":"https:\/\/rnoticias.com.mx\/Portal\/wp-json\/wp\/v2\/media?parent=216308"}],"wp:term":[{"taxonomy":"category","embeddable":true,"href":"https:\/\/rnoticias.com.mx\/Portal\/wp-json\/wp\/v2\/categories?post=216308"},{"taxonomy":"post_tag","embeddable":true,"href":"https:\/\/rnoticias.com.mx\/Portal\/wp-json\/wp\/v2\/tags?post=216308"}],"curies":[{"name":"wp","href":"https:\/\/api.w.org\/{rel}","templated":true}]}}