{"id":216305,"date":"2025-04-26T17:52:04","date_gmt":"2025-04-26T17:52:04","guid":{"rendered":"https:\/\/rnoticias.com.mx\/Portal\/?p=216305"},"modified":"2025-04-26T17:52:04","modified_gmt":"2025-04-26T17:52:04","slug":"lleva-gobierno-de-sonora-hecho-en-sonora-a-tiendas-de-conveniencia","status":"publish","type":"post","link":"https:\/\/rnoticias.com.mx\/Portal\/2025\/04\/26\/lleva-gobierno-de-sonora-hecho-en-sonora-a-tiendas-de-conveniencia\/","title":{"rendered":"Lleva Gobierno de Sonora \u201cHecho en Sonora\u201d a tiendas de conveniencia"},"content":{"rendered":"<p align=\"left\">Ciudad Obreg\u00f3n, Sonora; 26 de abril de 2025.- Con el objetivo de seguir impulsando el desarrollo comercial y posicionamiento de los productos sonorenses, el Gobierno de Sonora, a trav\u00e9s de la Secretar\u00eda de Econom\u00eda y Turismo (SETUR), llev\u00f3 a cabo el lanzamiento oficial del stand \u201cHecho en Sonora\u201d en las instalaciones del corporativo de OXXO Regi\u00f3n Sur, en Ciudad Obreg\u00f3n.<\/p>\n<p align=\"left\">Este evento marca el arranque de la promoci\u00f3n del distintivo \u201cHecho en Sonora\u201d en la zona sur del estado, dentro de la cadena comercial OXXO, como parte del convenio de colaboraci\u00f3n firmado en junio de 2023. Esta acci\u00f3n representa la segunda etapa del programa, tras su implementaci\u00f3n inicial en la zona norte.<\/p>\n<p align=\"left\">El secretario de Econom\u00eda y Turismo de Sonora, Roberto Gradillas Pineda, inform\u00f3 que este distintivo no solo promueve el consumo local, sino que ofrece beneficios a las empresas participantes, como el acceso a capacitaciones, vinculaci\u00f3n con cadenas comerciales y plataformas de e-commerce, participaci\u00f3n en ferias y exposiciones nacionales e internacionales, as\u00ed como oportunidades de financiamiento con instituciones p\u00fablicas y privadas.<\/p>\n<p align=\"left\">\u201cEste lanzamiento en Ciudad Obreg\u00f3n reafirma el compromiso del gobernador Alfonso Durazo con el impulso a la econom\u00eda regional. \u201cHecho en Sonora\u201d es m\u00e1s que una etiqueta, es una identidad que lleva consigo la calidad, esfuerzo y talento de nuestra gente. Hoy, m\u00e1s productos hechos por manos sonorenses llegan a nuevos espacios de venta, consolidando un camino de oportunidades para nuestros emprendedores\u201d, expres\u00f3 Gradillas Pineda<\/p>\n<p align=\"left\">El Gobierno de Sonora continuar\u00e1 trabajando en acciones de vinculaci\u00f3n, promoci\u00f3n y fortalecimiento del ecosistema empresarial en todas las regiones del estado, impulsando el orgullo y el valor de lo hecho en Sonora.<\/p>\n","protected":false},"excerpt":{"rendered":"<p>Ciudad Obreg\u00f3n, Sonora; 26 de abril de 2025.- Con el objetivo de seguir impulsando el desarrollo comercial y posicionamiento de los productos sonorenses, el Gobierno de Sonora, a trav\u00e9s de la Secretar\u00eda de Econom\u00eda y Turismo (SETUR), llev\u00f3 a cabo el lanzamiento oficial del stand \u201cHecho en Sonora\u201d en las instalaciones del corporativo de OXXO [&hellip;]<\/p>\n","protected":false},"author":2,"featured_media":216306,"comment_status":"closed","ping_status":"closed","sticky":false,"template":"","format":"standard","meta":{"footnotes":""},"categories":[12870,174],"tags":[12865,12873],"class_list":["post-216305","post","type-post","status-publish","format-standard","has-post-thumbnail","hentry","category-destacadas","category-estatal","tag-destacadas","tag-estatal"],"jetpack_featured_media_url":"https:\/\/rnoticias.com.mx\/Portal\/wp-content\/uploads\/2025\/04\/unnamed-1-57.jpg","amp_enabled":true,"_links":{"self":[{"href":"https:\/\/rnoticias.com.mx\/Portal\/wp-json\/wp\/v2\/posts\/216305","targetHints":{"allow":["GET"]}}],"collection":[{"href":"https:\/\/rnoticias.com.mx\/Portal\/wp-json\/wp\/v2\/posts"}],"about":[{"href":"https:\/\/rnoticias.com.mx\/Portal\/wp-json\/wp\/v2\/types\/post"}],"author":[{"embeddable":true,"href":"https:\/\/rnoticias.com.mx\/Portal\/wp-json\/wp\/v2\/users\/2"}],"replies":[{"embeddable":true,"href":"https:\/\/rnoticias.com.mx\/Portal\/wp-json\/wp\/v2\/comments?post=216305"}],"version-history":[{"count":1,"href":"https:\/\/rnoticias.com.mx\/Portal\/wp-json\/wp\/v2\/posts\/216305\/revisions"}],"predecessor-version":[{"id":216307,"href":"https:\/\/rnoticias.com.mx\/Portal\/wp-json\/wp\/v2\/posts\/216305\/revisions\/216307"}],"wp:featuredmedia":[{"embeddable":true,"href":"https:\/\/rnoticias.com.mx\/Portal\/wp-json\/wp\/v2\/media\/216306"}],"wp:attachment":[{"href":"https:\/\/rnoticias.com.mx\/Portal\/wp-json\/wp\/v2\/media?parent=216305"}],"wp:term":[{"taxonomy":"category","embeddable":true,"href":"https:\/\/rnoticias.com.mx\/Portal\/wp-json\/wp\/v2\/categories?post=216305"},{"taxonomy":"post_tag","embeddable":true,"href":"https:\/\/rnoticias.com.mx\/Portal\/wp-json\/wp\/v2\/tags?post=216305"}],"curies":[{"name":"wp","href":"https:\/\/api.w.org\/{rel}","templated":true}]}}