{"id":216302,"date":"2025-04-26T17:50:58","date_gmt":"2025-04-26T17:50:58","guid":{"rendered":"https:\/\/rnoticias.com.mx\/Portal\/?p=216302"},"modified":"2025-04-26T17:50:58","modified_gmt":"2025-04-26T17:50:58","slug":"afecta-la-sequia-a-mas-del-60-del-territorio-mexicano","status":"publish","type":"post","link":"https:\/\/rnoticias.com.mx\/Portal\/2025\/04\/26\/afecta-la-sequia-a-mas-del-60-del-territorio-mexicano\/","title":{"rendered":"Afecta la sequ\u00eda a m\u00e1s del 60% del territorio mexicano"},"content":{"rendered":"<p>De acuerdo con datos de la Comisi\u00f3n Nacional del Agua (Conagua), actualmente el 45.8% del territorio nacional presenta alg\u00fan grado de sequ\u00eda; adicionalmente, el 18.4% est\u00e1 anormalmente seco, lo que suma un total de 64.2% de afectaci\u00f3n en el pa\u00eds por la falta de lluvias.<\/p>\n<p>Los niveles de sequ\u00eda extrema y excepcional afectan al 29.6% del territorio, lo que aumenta el riesgo de incendios forestales y puede provocar estr\u00e9s h\u00eddrico, adem\u00e1s de acarrear p\u00e9rdidas al sector agropecuario, lo que afecta la producci\u00f3n de alimentos.<\/p>\n<p>Conagua y el Servicio Meteorol\u00f3gico Nacional clasifican la sequ\u00eda en cuatro niveles: moderada, severa, extrema y excepcional (D1 a D4). Durante una sequ\u00eda moderada se aconseja que la poblaci\u00f3n limite voluntariamente su consumo de agua.<\/p>\n<div id=\"eldia-3071936339\" class=\"eldia-contenido eldia-target\" data-eldia-trackid=\"1573641\" data-eldia-trackbid=\"1\"><\/div>\n<p>En el caso de sequ\u00edas severas o extremas se deben imponer restricciones al uso del agua. Y, en una sequ\u00eda excepcional, puede surgir una situaci\u00f3n de emergencia por la falta de agua.<\/p>\n<p>De acuerdo con el Monitor de Sequ\u00eda en M\u00e9xico (SMS), con corte al 15 de abril, el porcentaje de \u00e1reas con sequ\u00eda moderada es de 11.3 por ciento; 4.9% presenta sequ\u00eda severa; un 19.7% registra sequ\u00eda extrema; y el 9.9% del territorio nacional presenta condiciones de sequ\u00eda excepcional.<\/p>\n<p>La suma de todos los porcentajes que presentan alg\u00fan grado de sequ\u00eda fue de 45.8 por ciento, lo que representa un aumento del 3% respecto a lo registrado a finales de marzo de 2025.<\/p>\n<div class=\"stream-item stream-item-in-post stream-item-inline-post aligncenter\">\n<div class=\"stream-item-size\"><\/div>\n<\/div>\n<p>De acuerdo con los datos de Conagua, al 31 de diciembre de 2024 se ten\u00eda un reporte de que casi la mitad del territorio (el 49.9%) no registraba afectaciones por sequ\u00eda ni falta de agua de lluvia. Para el 15 de abril, ese porcentaje se redujo al 35.8 por ciento.<\/p>\n","protected":false},"excerpt":{"rendered":"<p>De acuerdo con datos de la Comisi\u00f3n Nacional del Agua (Conagua), actualmente el 45.8% del territorio nacional presenta alg\u00fan grado de sequ\u00eda; adicionalmente, el 18.4% est\u00e1 anormalmente seco, lo que suma un total de 64.2% de afectaci\u00f3n en el pa\u00eds por la falta de lluvias. Los niveles de sequ\u00eda extrema y excepcional afectan al 29.6% [&hellip;]<\/p>\n","protected":false},"author":2,"featured_media":216303,"comment_status":"closed","ping_status":"closed","sticky":false,"template":"","format":"standard","meta":{"footnotes":""},"categories":[12870,172],"tags":[12865,12874],"class_list":["post-216302","post","type-post","status-publish","format-standard","has-post-thumbnail","hentry","category-destacadas","category-nacional","tag-destacadas","tag-nacional"],"jetpack_featured_media_url":"https:\/\/rnoticias.com.mx\/Portal\/wp-content\/uploads\/2025\/04\/sequia-extrema-mexico.webp","amp_enabled":true,"_links":{"self":[{"href":"https:\/\/rnoticias.com.mx\/Portal\/wp-json\/wp\/v2\/posts\/216302","targetHints":{"allow":["GET"]}}],"collection":[{"href":"https:\/\/rnoticias.com.mx\/Portal\/wp-json\/wp\/v2\/posts"}],"about":[{"href":"https:\/\/rnoticias.com.mx\/Portal\/wp-json\/wp\/v2\/types\/post"}],"author":[{"embeddable":true,"href":"https:\/\/rnoticias.com.mx\/Portal\/wp-json\/wp\/v2\/users\/2"}],"replies":[{"embeddable":true,"href":"https:\/\/rnoticias.com.mx\/Portal\/wp-json\/wp\/v2\/comments?post=216302"}],"version-history":[{"count":1,"href":"https:\/\/rnoticias.com.mx\/Portal\/wp-json\/wp\/v2\/posts\/216302\/revisions"}],"predecessor-version":[{"id":216304,"href":"https:\/\/rnoticias.com.mx\/Portal\/wp-json\/wp\/v2\/posts\/216302\/revisions\/216304"}],"wp:featuredmedia":[{"embeddable":true,"href":"https:\/\/rnoticias.com.mx\/Portal\/wp-json\/wp\/v2\/media\/216303"}],"wp:attachment":[{"href":"https:\/\/rnoticias.com.mx\/Portal\/wp-json\/wp\/v2\/media?parent=216302"}],"wp:term":[{"taxonomy":"category","embeddable":true,"href":"https:\/\/rnoticias.com.mx\/Portal\/wp-json\/wp\/v2\/categories?post=216302"},{"taxonomy":"post_tag","embeddable":true,"href":"https:\/\/rnoticias.com.mx\/Portal\/wp-json\/wp\/v2\/tags?post=216302"}],"curies":[{"name":"wp","href":"https:\/\/api.w.org\/{rel}","templated":true}]}}