{"id":216284,"date":"2025-04-26T16:16:52","date_gmt":"2025-04-26T16:16:52","guid":{"rendered":"https:\/\/rnoticias.com.mx\/Portal\/?p=216284"},"modified":"2025-04-26T16:16:52","modified_gmt":"2025-04-26T16:16:52","slug":"alexis-vega-el-deseo-de-america-en-caso-de-llegar-al-mundial-de-clubes","status":"publish","type":"post","link":"https:\/\/rnoticias.com.mx\/Portal\/2025\/04\/26\/alexis-vega-el-deseo-de-america-en-caso-de-llegar-al-mundial-de-clubes\/","title":{"rendered":"Alexis Vega, el deseo de Am\u00e9rica en caso de llegar al Mundial de Clubes"},"content":{"rendered":"<p>El Am\u00e9rica\u00a0<mark><strong>ya tiene contemplados dos nombres<\/strong><\/mark>\u00a0como posibles refuerzos en caso de que sean el equipo que sustituya al Club Le\u00f3n en\u00a0<strong>el Mundial de Clubes 2025<\/strong>.<\/p>\n<p>Cabe recordar que\u00a0<mark>Club Le\u00f3n est\u00e1 descalificado de la competici\u00f3n de la FIFA<\/mark>, esto debido a la regla del evento que proh\u00edbe la multipropiedad, la cual infringe Grupo Pachuca, due\u00f1o de\u00a0<strong>los Tuzos y los Esmeraldas<\/strong>.<\/p>\n<p>Ser\u00e1 a principios de mayo que al Club Le\u00f3n se le notifique si jugar\u00e1 o no el pr\u00f3ximo Mundial de Clubes 2025. Posterior a esto, se notificar\u00e1 cu\u00e1les ser\u00e1n los pasos a seguir sobre qui\u00e9n tomar\u00e1 el lugar del equipo de Guanajuato.<\/p>\n<p>Ser\u00eda, en este caso, que\u00a0<mark>las \u00c1guilas podr\u00edan tener la oportunidad de acudir al Mundial de Clubes<\/mark>, para lo cual ya se est\u00e1n preparando.<\/p>\n<h3>\u00bfQui\u00e9nes ser\u00e1n los refuerzos del Am\u00e9rica si juega en el Mundial de Clubes?<\/h3>\n<p>Seg\u00fan declar\u00f3 Andr\u00e9s Vaca, son\u00a0<mark><strong>Alexis Vega y Paulinho<\/strong><\/mark>, jugadores de\u00a0<strong>los Diablos Rojos del Toluca<\/strong>, por los que ir\u00e1n para reforzarse en el Mundial de Clubes 2025 este verano en los Estados Unidos.<\/p>\n<p>\u201cSi el Am\u00e9rica va al Mundial de Clubes,\u00a0<mark>tiene a dos jugadores en la mira. A Paulinho y a Alexis Vega<\/mark>, van por esos dos de cabeza para negociarlos como refuerzos-pr\u00e9stamo\u201d, indic\u00f3 Andr\u00e9s Vaca para el podcast\u00a0<i>Cuadroa<\/i>.<\/p>\n<p>Sin embargo, Paulinho, en conferencia de prensa,\u00a0<mark><strong>descart\u00f3 inter\u00e9s alguno por refuerzos a alg\u00fan club<\/strong><\/mark>\u00a0para el Mundial de Clubes 2025 de este verano.<\/p>\n<p>Hasta el momento,\u00a0<mark>Toluca no se ha pronunciado<\/mark>\u00a0ante esta posibilidad que ya se plantea el Am\u00e9rica de cara a esta competencia de la FIFA.<\/p>\n","protected":false},"excerpt":{"rendered":"<p>El Am\u00e9rica\u00a0ya tiene contemplados dos nombres\u00a0como posibles refuerzos en caso de que sean el equipo que sustituya al Club Le\u00f3n en\u00a0el Mundial de Clubes 2025. Cabe recordar que\u00a0Club Le\u00f3n est\u00e1 descalificado de la competici\u00f3n de la FIFA, esto debido a la regla del evento que proh\u00edbe la multipropiedad, la cual infringe Grupo Pachuca, due\u00f1o de\u00a0los [&hellip;]<\/p>\n","protected":false},"author":2,"featured_media":216285,"comment_status":"closed","ping_status":"closed","sticky":false,"template":"","format":"standard","meta":{"footnotes":""},"categories":[188,12870],"tags":[5231,12865],"class_list":["post-216284","post","type-post","status-publish","format-standard","has-post-thumbnail","hentry","category-deportes","category-destacadas","tag-deportes","tag-destacadas"],"jetpack_featured_media_url":"https:\/\/rnoticias.com.mx\/Portal\/wp-content\/uploads\/2025\/04\/alexis-vega-le-tiene-miedo-al-america.jpg","amp_enabled":true,"_links":{"self":[{"href":"https:\/\/rnoticias.com.mx\/Portal\/wp-json\/wp\/v2\/posts\/216284","targetHints":{"allow":["GET"]}}],"collection":[{"href":"https:\/\/rnoticias.com.mx\/Portal\/wp-json\/wp\/v2\/posts"}],"about":[{"href":"https:\/\/rnoticias.com.mx\/Portal\/wp-json\/wp\/v2\/types\/post"}],"author":[{"embeddable":true,"href":"https:\/\/rnoticias.com.mx\/Portal\/wp-json\/wp\/v2\/users\/2"}],"replies":[{"embeddable":true,"href":"https:\/\/rnoticias.com.mx\/Portal\/wp-json\/wp\/v2\/comments?post=216284"}],"version-history":[{"count":1,"href":"https:\/\/rnoticias.com.mx\/Portal\/wp-json\/wp\/v2\/posts\/216284\/revisions"}],"predecessor-version":[{"id":216286,"href":"https:\/\/rnoticias.com.mx\/Portal\/wp-json\/wp\/v2\/posts\/216284\/revisions\/216286"}],"wp:featuredmedia":[{"embeddable":true,"href":"https:\/\/rnoticias.com.mx\/Portal\/wp-json\/wp\/v2\/media\/216285"}],"wp:attachment":[{"href":"https:\/\/rnoticias.com.mx\/Portal\/wp-json\/wp\/v2\/media?parent=216284"}],"wp:term":[{"taxonomy":"category","embeddable":true,"href":"https:\/\/rnoticias.com.mx\/Portal\/wp-json\/wp\/v2\/categories?post=216284"},{"taxonomy":"post_tag","embeddable":true,"href":"https:\/\/rnoticias.com.mx\/Portal\/wp-json\/wp\/v2\/tags?post=216284"}],"curies":[{"name":"wp","href":"https:\/\/api.w.org\/{rel}","templated":true}]}}