{"id":216231,"date":"2025-04-25T19:35:38","date_gmt":"2025-04-25T19:35:38","guid":{"rendered":"https:\/\/rnoticias.com.mx\/Portal\/?p=216231"},"modified":"2025-04-25T19:36:07","modified_gmt":"2025-04-25T19:36:07","slug":"gobierno-de-sonora-e-imjuve-consolidan-alianza-en-favor-de-las-juventudes","status":"publish","type":"post","link":"https:\/\/rnoticias.com.mx\/Portal\/2025\/04\/25\/gobierno-de-sonora-e-imjuve-consolidan-alianza-en-favor-de-las-juventudes\/","title":{"rendered":"Gobierno de Sonora e IMJUVE consolidan alianza en favor de las juventudes"},"content":{"rendered":"<p align=\"justify\">Tlaxcala, Tlaxcala; 25 de abril de 2025.- El Gobierno de Sonora, a trav\u00e9s del Instituto Sonorense de la Juventud (ISJ), firm\u00f3 un convenio de colaboraci\u00f3n con el Instituto Mexicano de la Juventud (IMJUVE) durante el Primer Encuentro 2025 con las Instancias de la Juventud de las Entidades Federativas, realizado en el Palacio de Gobierno de Tlaxcala.<\/p>\n<p align=\"justify\">Rebeca Valenzuela \u00c1lvarez, directora general del ISJ, destac\u00f3 que este acuerdo fortalece y unifica los esfuerzos entre los \u00e1mbitos federal y estatal para implementar acciones que promuevan el desarrollo integral de las juventudes sonorenses.<\/p>\n<p align=\"justify\">El evento cont\u00f3 con la presencia de importantes autoridades, como Abraham Carro Toledo, director general del IMJUVE; Lorena Cu\u00e9llar Cisneros, gobernadora de Tlaxcala, as\u00ed como los titulares de las instancias de la juventud de todo el pa\u00eds.<\/p>\n<p align=\"justify\">Asimismo, la directora del ISJ present\u00f3 ante sus hom\u00f3logos de todo el pa\u00eds los programas insignia que se han implementado en Sonora con resultados positivos y transformadores. Entre ellos destacan:<\/p>\n<p align=\"justify\">&#8211; Centros de Bienestar Juvenil: Espacios seguros que ofrecen atenci\u00f3n integral a j\u00f3venes.<\/p>\n<p align=\"justify\">&#8211; Sonora en Conexi\u00f3n: Estrategia que facilita el acceso a actividades culturales, deportivas, psicol\u00f3gicas y de nutrici\u00f3n para familias completas.<\/p>\n<p align=\"justify\">&#8211; Bienestar Menstrual: Programa pionero en educaci\u00f3n y acceso gratuito a productos de higiene menstrual.<\/p>\n<p align=\"justify\">&#8211; Mi Primer Proyecto: Iniciativa que impulsa el emprendimiento sostenible entre los j\u00f3venes.<\/p>\n","protected":false},"excerpt":{"rendered":"<p>Tlaxcala, Tlaxcala; 25 de abril de 2025.- El Gobierno de Sonora, a trav\u00e9s del Instituto Sonorense de la Juventud (ISJ), firm\u00f3 un convenio de colaboraci\u00f3n con el Instituto Mexicano de la Juventud (IMJUVE) durante el Primer Encuentro 2025 con las Instancias de la Juventud de las Entidades Federativas, realizado en el Palacio de Gobierno de [&hellip;]<\/p>\n","protected":false},"author":2,"featured_media":0,"comment_status":"closed","ping_status":"closed","sticky":false,"template":"","format":"standard","meta":{"footnotes":""},"categories":[12870,178],"tags":[12865,12869],"class_list":["post-216231","post","type-post","status-publish","format-standard","hentry","category-destacadas","category-local","tag-destacadas","tag-local"],"jetpack_featured_media_url":"","amp_enabled":true,"_links":{"self":[{"href":"https:\/\/rnoticias.com.mx\/Portal\/wp-json\/wp\/v2\/posts\/216231","targetHints":{"allow":["GET"]}}],"collection":[{"href":"https:\/\/rnoticias.com.mx\/Portal\/wp-json\/wp\/v2\/posts"}],"about":[{"href":"https:\/\/rnoticias.com.mx\/Portal\/wp-json\/wp\/v2\/types\/post"}],"author":[{"embeddable":true,"href":"https:\/\/rnoticias.com.mx\/Portal\/wp-json\/wp\/v2\/users\/2"}],"replies":[{"embeddable":true,"href":"https:\/\/rnoticias.com.mx\/Portal\/wp-json\/wp\/v2\/comments?post=216231"}],"version-history":[{"count":1,"href":"https:\/\/rnoticias.com.mx\/Portal\/wp-json\/wp\/v2\/posts\/216231\/revisions"}],"predecessor-version":[{"id":216233,"href":"https:\/\/rnoticias.com.mx\/Portal\/wp-json\/wp\/v2\/posts\/216231\/revisions\/216233"}],"wp:attachment":[{"href":"https:\/\/rnoticias.com.mx\/Portal\/wp-json\/wp\/v2\/media?parent=216231"}],"wp:term":[{"taxonomy":"category","embeddable":true,"href":"https:\/\/rnoticias.com.mx\/Portal\/wp-json\/wp\/v2\/categories?post=216231"},{"taxonomy":"post_tag","embeddable":true,"href":"https:\/\/rnoticias.com.mx\/Portal\/wp-json\/wp\/v2\/tags?post=216231"}],"curies":[{"name":"wp","href":"https:\/\/api.w.org\/{rel}","templated":true}]}}