{"id":216227,"date":"2025-04-25T19:34:24","date_gmt":"2025-04-25T19:34:24","guid":{"rendered":"https:\/\/rnoticias.com.mx\/Portal\/?p=216227"},"modified":"2025-04-25T19:34:24","modified_gmt":"2025-04-25T19:34:24","slug":"la-adictiva-tocara-gratis-en-el-zocalo-de-la-cdmx","status":"publish","type":"post","link":"https:\/\/rnoticias.com.mx\/Portal\/2025\/04\/25\/la-adictiva-tocara-gratis-en-el-zocalo-de-la-cdmx\/","title":{"rendered":"La Adictiva tocar\u00e1 gratis en el Z\u00f3calo de la CDMX"},"content":{"rendered":"<p>El\u00a0<strong>3 de mayo<\/strong>\u00a0se realizar\u00e1 en el<strong>\u00a0Z\u00f3calo de la Ciudad de M\u00e9xico<\/strong>\u00a0el evento conocido como<strong>\u00a0Vitae Fest M\u00e9xico<\/strong>, un espacio en donde\u00a0<strong>La Adictiva<\/strong>, \u00a0artistas del regional mexicano y la banda de pop\u00a0<strong>R\u00edo Roma<\/strong>\u00a0formar\u00e1n de los\u00a0<strong>artistas\u00a0<\/strong>que cantar\u00e1n gratis en el emblem\u00e1tico lugar de la\u00a0<strong>CDMX<\/strong>.<\/p>\n<p>El\u00a0<strong>Vitae Fest M\u00e9xico<\/strong>\u00a0es un evento totalmente gratuito que busca promover la paz, el amor, la amistad y la uni\u00f3n familiar, este\u00a0<strong>2025\u00a0<\/strong>contar\u00e1n con la participaci\u00f3n de\u00a0<strong>La Adictiva<\/strong>, en lo que describen ser\u00e1 un show que est\u00e1 dise\u00f1ado para inspirar a los asistentes con valores de reconciliaci\u00f3n y esperanza.<\/p>\n<p>\u201c\u00a1Nos vemos en el VITAE FEST 2025! Acomp\u00e1\u00f1anos a celebrar la m\u00fasica \u00a0este 3 de mayo en el\u00a0#Z\u00f3calo\u00a0de\u00a0#CDMX\u00a0\u00a1Tenemos una cita para vivir un momento muy adictivo!, escribieron los artistas en sus redes sociales con lo que invitaron al p\u00fablico a disfrutar de esta actuaci\u00f3n diferente a lo que ellos est\u00e1 acostumbrados.<\/p>\n<h2>\u00bfA qu\u00e9 hora se puede ingresar al Z\u00f3calo de la CDMX?<\/h2>\n<p>Quien ya est\u00e1 armando el plan para acudir a ver a\u00a0<strong>La Adictiva<\/strong>\u00a0y<strong>\u00a0R\u00edo Roma<\/strong>\u00a0en el\u00a0<strong>Vitae Fest M\u00e9xico<\/strong>\u00a0puede acceder al\u00a0<strong>Z\u00f3calo\u00a0<\/strong>a partir de las<strong>\u00a015:00 horas\u00a0<\/strong>hasta las\u00a0<strong>22:00 horas<\/strong>, que ser\u00e1 la duraci\u00f3n que han programado. Desde la p\u00e1gina oficial del\u00a0<strong>festival\u00a0<\/strong>tambi\u00e9n describen que est\u00e1 dise\u00f1ado para toda la familia, pero recomiendan que los menores de 16 a\u00f1os est\u00e9n acompa\u00f1ados en todo momento de su padre, madre o tutor legal<\/p>\n<aside class=\"htmlinline\"><\/aside>\n<p>Otra de las cosas que comparten desde la p\u00e1gina oficial del\u00a0<strong>festival\u00a0<\/strong>es que habr\u00e1\u00a0<strong>sorteos\u00a0<\/strong>y\u00a0<strong>regalos<\/strong>, as\u00ed como otros\u00a0<strong>beneficios\u00a0<\/strong>para quien descargue la aplicaci\u00f3n en d\u00f3nde realizar\u00e1n las\u00a0<strong>din\u00e1micas\u00a0<\/strong>y ofrecer\u00e1n otra informaci\u00f3n sobre el evento de este 2025.<\/p>\n<h2>\u00bfCu\u00e1les son las canciones m\u00e1s famosas de La Adictiva?<\/h2>\n<p><strong>La Adictiva<\/strong>\u00a0es una banda de\u00a0<strong>m\u00fasica sinaloense\u00a0<\/strong>fundada en 1990 y a la fecha ha logrado que sus\u00a0<strong>canciones\u00a0<\/strong>se conviertan en las favoritas del p\u00fablico, tienen desde temas rom\u00e1nticos y de desamor hasta\u00a0<strong>canciones\u00a0<\/strong>para bailar y\u00a0<strong>corridos<\/strong>, aunque estos \u00faltimos ya no los podr\u00e1n cantar en eventos p\u00fablicos por las normas establecidas por el gobierno.<\/p>\n<ul>\n<li>\u201cDespu\u00e9s de ti \u00bfQui\u00e9n?\u201d tiene m\u00e1s de 360 millones de reproducciones en Spotify<\/li>\n<li>\u201cEl amor de mi vida\u201d tiene m\u00e1s de 320 millones de reproducciones en Spotify<\/li>\n<li>\u201cEscondidos tiene m\u00e1s de 174 millones de reproducciones en Spotify<\/li>\n<li>\u201cEn peligro de extinci\u00f3n\u201d tiene m\u00e1s de 352 millones de reproducciones en Spotify<\/li>\n<\/ul>\n","protected":false},"excerpt":{"rendered":"<p>El\u00a03 de mayo\u00a0se realizar\u00e1 en el\u00a0Z\u00f3calo de la Ciudad de M\u00e9xico\u00a0el evento conocido como\u00a0Vitae Fest M\u00e9xico, un espacio en donde\u00a0La Adictiva, \u00a0artistas del regional mexicano y la banda de pop\u00a0R\u00edo Roma\u00a0formar\u00e1n de los\u00a0artistas\u00a0que cantar\u00e1n gratis en el emblem\u00e1tico lugar de la\u00a0CDMX. El\u00a0Vitae Fest M\u00e9xico\u00a0es un evento totalmente gratuito que busca promover la paz, el amor, [&hellip;]<\/p>\n","protected":false},"author":2,"featured_media":216228,"comment_status":"closed","ping_status":"closed","sticky":false,"template":"","format":"standard","meta":{"footnotes":""},"categories":[12870,219],"tags":[12865,12875],"class_list":["post-216227","post","type-post","status-publish","format-standard","has-post-thumbnail","hentry","category-destacadas","category-espectaculos","tag-destacadas","tag-espectaculos"],"jetpack_featured_media_url":"https:\/\/rnoticias.com.mx\/Portal\/wp-content\/uploads\/2025\/04\/Banda-La-Adictiva-Recitales.webp","amp_enabled":true,"_links":{"self":[{"href":"https:\/\/rnoticias.com.mx\/Portal\/wp-json\/wp\/v2\/posts\/216227","targetHints":{"allow":["GET"]}}],"collection":[{"href":"https:\/\/rnoticias.com.mx\/Portal\/wp-json\/wp\/v2\/posts"}],"about":[{"href":"https:\/\/rnoticias.com.mx\/Portal\/wp-json\/wp\/v2\/types\/post"}],"author":[{"embeddable":true,"href":"https:\/\/rnoticias.com.mx\/Portal\/wp-json\/wp\/v2\/users\/2"}],"replies":[{"embeddable":true,"href":"https:\/\/rnoticias.com.mx\/Portal\/wp-json\/wp\/v2\/comments?post=216227"}],"version-history":[{"count":1,"href":"https:\/\/rnoticias.com.mx\/Portal\/wp-json\/wp\/v2\/posts\/216227\/revisions"}],"predecessor-version":[{"id":216229,"href":"https:\/\/rnoticias.com.mx\/Portal\/wp-json\/wp\/v2\/posts\/216227\/revisions\/216229"}],"wp:featuredmedia":[{"embeddable":true,"href":"https:\/\/rnoticias.com.mx\/Portal\/wp-json\/wp\/v2\/media\/216228"}],"wp:attachment":[{"href":"https:\/\/rnoticias.com.mx\/Portal\/wp-json\/wp\/v2\/media?parent=216227"}],"wp:term":[{"taxonomy":"category","embeddable":true,"href":"https:\/\/rnoticias.com.mx\/Portal\/wp-json\/wp\/v2\/categories?post=216227"},{"taxonomy":"post_tag","embeddable":true,"href":"https:\/\/rnoticias.com.mx\/Portal\/wp-json\/wp\/v2\/tags?post=216227"}],"curies":[{"name":"wp","href":"https:\/\/api.w.org\/{rel}","templated":true}]}}