{"id":216224,"date":"2025-04-25T19:32:38","date_gmt":"2025-04-25T19:32:38","guid":{"rendered":"https:\/\/rnoticias.com.mx\/Portal\/?p=216224"},"modified":"2025-04-25T19:32:38","modified_gmt":"2025-04-25T19:32:38","slug":"barcelona-y-real-madrid-se-enfrentan-en-la-final-de-la-copa-del-rey","status":"publish","type":"post","link":"https:\/\/rnoticias.com.mx\/Portal\/2025\/04\/25\/barcelona-y-real-madrid-se-enfrentan-en-la-final-de-la-copa-del-rey\/","title":{"rendered":"Barcelona y Real Madrid se enfrentan en la final de la Copa del Rey"},"content":{"rendered":"<p>El Barcelona y el Real Madrid se enfrentan el s\u00e1bado en la final de la Copa del Rey, con m\u00e1s que s\u00f3lo el trofeo en juego para los cl\u00e1sicos rivales del f\u00fatbol espa\u00f1ol.<\/p>\n<p>En el caso del Bar\u00e7a, el objetivo es conseguir la primera parte de un posible triplete de t\u00edtulos de envergadura en la temporada debut del t\u00e9cnico Hansi Flick. El conjunto catal\u00e1n lidera la Liga de Espa\u00f1a y, tres d\u00edas despu\u00e9s de la final de copa, comenzar\u00e1 su semifinal de la Liga de Campeones a doble partido contra el Inter de Mil\u00e1n.<\/p>\n<p><strong><em>\u201cIniciamos un viaje al principio de la temporada y tenemos la opci\u00f3n de ganar tres t\u00edtulos, pero sabemos que ser\u00e1 dif\u00edcil\u201d,<\/em><\/strong>\u00a0dijo Flick.<\/p>\n<div id=\"eldia-637342603\" class=\"eldia-contenido eldia-target\" data-eldia-trackid=\"1573641\" data-eldia-trackbid=\"1\"><\/div>\n<p>Tambi\u00e9n podr\u00eda ser el \u00faltimo trofeo para Carlo Ancelotti, quien muchos observadores del Madrid conjeturan podr\u00eda irse del gigante de la capital este verano, posiblemente para hacerse cargo de la selecci\u00f3n nacional de Brasil.<\/p>\n<p>El Madrid, posiblemente, tiene m\u00e1s en juego. Fuera de la Champions, la copa es su mejor oportunidad para salvar la campa\u00f1a con alg\u00fan trofeo. Tambi\u00e9n sigue vivo en la Liga, pero necesita remontar un d\u00e9ficit de cuatro puntos ante Barcelona con cinco fechas por disputar, una recta final que incluye otro cl\u00e1sico m\u00e1s.<\/p>\n<p>Para el Bar\u00e7a, un t\u00edtulo ganado a expensas de Madrid le dar\u00eda un gran impulso de moral para la visita del Inter el mi\u00e9rcoles. Los azulgranas anhelan su primera Copa de Europa en una d\u00e9cada.<\/p>\n<div class=\"stream-item stream-item-in-post stream-item-inline-post aligncenter\">\n<div class=\"stream-item-size\"><\/div>\n<\/div>\n<p>El Bar\u00e7a arras\u00f3 en los otros dos cl\u00e1sicos esta temporada: vapule\u00f3 5-2 al Madrid en la final de la Supercopa de Espa\u00f1a en enero, despu\u00e9s de ganar 4-0 en la visita al estadio Santiago Bernab\u00e9u en octubre.<\/p>\n<p><strong><em>\u201cHemos perdido en los dos partidos en los que nos hemos enfrentado al Bar\u00e7a de una mala manera\u201d,\u00a0<\/em><\/strong>reconoci\u00f3 Federico Valverde, el centrocampista uruguayo del Madrid.\u00a0<strong><em>\u201cTen\u00edamos que haber dado mucho m\u00e1s en esos partidos, ahora tenemos una revancha\u201d.<\/em><\/strong><\/p>\n<p>El tercer cl\u00e1sico de la temporada se jugar\u00e1 ante\u00a0<strong>70,000 aficionados<\/strong>\u00a0en el Estadio La Cartuja de Sevilla, donde el Rey Felipe VI entregar\u00e1 el trofeo a los campeones.<\/p>\n<p>Esta es la primera final de la Copa del Rey entre los clubes m\u00e1s grandes de Espa\u00f1a desde 2014. El Barcelona lidera la tabla hist\u00f3rica con 31 consagraciones en el torneo. El Madrid suma 20 para ocupar el tercer lugar de todos los tiempos.<\/p>\n<p><strong><em>\u201cLos anteriores cl\u00e1sico, son pasado, agua pasada\u201d,\u00a0<\/em><\/strong>recalc\u00f3 Flick.<strong><em>\u00a0\u201cHay que disfrutar el presente, y ellos tienen un equipo fant\u00e1stico y nos pueden hacer da\u00f1o\u201d.<\/em><\/strong><\/p>\n<h2 class=\"wp-block-heading\">\u00bfQui\u00e9n por Lewandowski?<\/h2>\n<p>La mayor tarea de Flick ser\u00e1 sustituir al lesionado Robert Lewandowski, quien sufri\u00f3 una lesi\u00f3n en el muslo izquierdo el fin de semana pasado. El delantero polaco ha esculpido otra notable temporada, con un m\u00e1ximo de 40 goles en todas las competiciones.<\/p>\n<p>Ferran Torres probablemente comenzar\u00e1 en su lugar. El vers\u00e1til delantero ha emergido como el s\u00faper suplente azulgrana en esta campa\u00f1a. Ha anotado 17 goles en total con una cuenta limitada de minutos, incluidos cinco en la copa. Otra opci\u00f3n, sin embargo, podr\u00eda ser jugar con el mediocampista ofensivo Dani Olmo como un\u00a0<em><strong>\u201cfalso nueve\u201d<\/strong><\/em>\u00a0flanqueado por Lamine Yamal y Raphinha.<\/p>\n<p>El Bar\u00e7a tambi\u00e9n echar\u00e1 de menos al lateral izquierdo titular Alejandro Balde. El juvenil Gerard Martin posiblemente tomar\u00e1 su lugar a menos que Flick quiera colocar a un jugador m\u00e1s experimentado en esa posici\u00f3n.<\/p>\n<h2 class=\"wp-block-heading\">\u00bfEl momento de Mbapp\u00e9?<\/h2>\n<p>Terminar la temporada sin un trofeo ser\u00eda una gran decepci\u00f3n despu\u00e9s de que\u00a0<strong>el Madrid fich\u00f3 a Kylian Mbapp\u00e9\u00a0<\/strong>el verano pasado.<\/p>\n<p>El delantero franc\u00e9s ha marcado goles a raudales, pero no se ha hecho notar en los partidos m\u00e1s importantes de la temporada. Fue abucheado cuando fue sustituido al final del segundo de dos partidos perdidos ante el Arsenal en los cuartos de final de la Liga de Campeones.<\/p>\n<p>La productividad en ataque de Vin\u00edcius J\u00fanior se ha diluido desde que se sinti\u00f3 despreciado en la votaci\u00f3n por el Bal\u00f3n de Oro a principios de esta temporada. Pero el delantero brasile\u00f1o ha sabido estar a la altura en finales anteriores.<\/p>\n<p>El mediocampista\u00a0<strong>Eduardo Camavinga se lesion\u00f3 un tend\u00f3n<\/strong>\u00a0esta semana y se perder\u00e1 el resto de la temporada, uni\u00e9ndose a la lista de bajas a largo plazo de Madrid que incluye a los defensores Dani Carvajal y Eder Militao.<\/p>\n<p>La tarea principal de Madrid en defensa ser\u00e1 mantener a Yamal y Raphinha bajo control despu\u00e9s de que ambos se desataran en los cl\u00e1sicos anteriores de esta campa\u00f1a.<\/p>\n<p>&nbsp;<\/p>\n<p>AP<\/p>\n","protected":false},"excerpt":{"rendered":"<p>El Barcelona y el Real Madrid se enfrentan el s\u00e1bado en la final de la Copa del Rey, con m\u00e1s que s\u00f3lo el trofeo en juego para los cl\u00e1sicos rivales del f\u00fatbol espa\u00f1ol. En el caso del Bar\u00e7a, el objetivo es conseguir la primera parte de un posible triplete de t\u00edtulos de envergadura en la [&hellip;]<\/p>\n","protected":false},"author":2,"featured_media":216225,"comment_status":"closed","ping_status":"closed","sticky":false,"template":"","format":"standard","meta":{"footnotes":""},"categories":[188,12870],"tags":[5231,12865],"class_list":["post-216224","post","type-post","status-publish","format-standard","has-post-thumbnail","hentry","category-deportes","category-destacadas","tag-deportes","tag-destacadas"],"jetpack_featured_media_url":"https:\/\/rnoticias.com.mx\/Portal\/wp-content\/uploads\/2025\/04\/BB1rkev3.png","amp_enabled":true,"_links":{"self":[{"href":"https:\/\/rnoticias.com.mx\/Portal\/wp-json\/wp\/v2\/posts\/216224","targetHints":{"allow":["GET"]}}],"collection":[{"href":"https:\/\/rnoticias.com.mx\/Portal\/wp-json\/wp\/v2\/posts"}],"about":[{"href":"https:\/\/rnoticias.com.mx\/Portal\/wp-json\/wp\/v2\/types\/post"}],"author":[{"embeddable":true,"href":"https:\/\/rnoticias.com.mx\/Portal\/wp-json\/wp\/v2\/users\/2"}],"replies":[{"embeddable":true,"href":"https:\/\/rnoticias.com.mx\/Portal\/wp-json\/wp\/v2\/comments?post=216224"}],"version-history":[{"count":1,"href":"https:\/\/rnoticias.com.mx\/Portal\/wp-json\/wp\/v2\/posts\/216224\/revisions"}],"predecessor-version":[{"id":216226,"href":"https:\/\/rnoticias.com.mx\/Portal\/wp-json\/wp\/v2\/posts\/216224\/revisions\/216226"}],"wp:featuredmedia":[{"embeddable":true,"href":"https:\/\/rnoticias.com.mx\/Portal\/wp-json\/wp\/v2\/media\/216225"}],"wp:attachment":[{"href":"https:\/\/rnoticias.com.mx\/Portal\/wp-json\/wp\/v2\/media?parent=216224"}],"wp:term":[{"taxonomy":"category","embeddable":true,"href":"https:\/\/rnoticias.com.mx\/Portal\/wp-json\/wp\/v2\/categories?post=216224"},{"taxonomy":"post_tag","embeddable":true,"href":"https:\/\/rnoticias.com.mx\/Portal\/wp-json\/wp\/v2\/tags?post=216224"}],"curies":[{"name":"wp","href":"https:\/\/api.w.org\/{rel}","templated":true}]}}