{"id":216221,"date":"2025-04-25T19:28:06","date_gmt":"2025-04-25T19:28:06","guid":{"rendered":"https:\/\/rnoticias.com.mx\/Portal\/?p=216221"},"modified":"2025-04-25T19:28:06","modified_gmt":"2025-04-25T19:28:06","slug":"gobierno-de-sonora-anuncia-ajustes-en-lineas-de-transporte-urbano-por-manifestacion-de-expogan","status":"publish","type":"post","link":"https:\/\/rnoticias.com.mx\/Portal\/2025\/04\/25\/gobierno-de-sonora-anuncia-ajustes-en-lineas-de-transporte-urbano-por-manifestacion-de-expogan\/","title":{"rendered":"Gobierno de Sonora anuncia ajustes en l\u00edneas de transporte urbano por manifestaci\u00f3n de ExpoGan"},"content":{"rendered":"<p align=\"justify\">Hermosillo, Sonora; 25 de abril de 2025.- El Gobierno de Sonora, a trav\u00e9s del Instituto de Movilidad y Transporte para el Estado de Sonora (IMTES), anuncia ajustes en las l\u00edneas de transporte urbano de Hermosillo debido a la manifestaci\u00f3n de la ExpoGan 2025, programada para el pr\u00f3ximo domingo 27 de abril.<\/p>\n<p align=\"justify\">Carlos Sosa Casta\u00f1eda, coordinador ejecutivo del IMTES, inform\u00f3 que el cierre de vialidades comenzar\u00e1 a las 4:00 de la tarde en el bulevar Rodr\u00edguez, Rosales y Paseo R\u00edo Sonora, lo que obligar\u00e1 a las unidades de transporte urbano a ajustar sus recorridos.<\/p>\n<p align=\"justify\">El funcionario estatal agreg\u00f3 que se realizar\u00e1n ocho modificaciones en las diferentes l\u00edneas, las cuales volver\u00e1n a su trayecto habitual una vez que las vialidades sean despejadas por Tr\u00e1nsito Municipal.<\/p>\n<p align=\"justify\">Ajuste 1 (l\u00edneas 1, 5, 6, 10, 13, 16, 17 y 18) de poniente a oriente: de la calle Olivares, se dirigir\u00e1 al oriente por el bulevar Francisco Serna para rodear el Cerro de la Campana y llegar a la Dr. Noriega en el Centro.<\/p>\n<p align=\"justify\">Ajuste 2 (l\u00edneas 2, 3, 11, 12, 14, 15, 17 y 19) de sur a norte: se dirigir\u00e1 al oriente por el bulevar Luis Encinas para dirigirse al norte por Perif\u00e9rico Oriente y bulevar Ignacio Soto.<\/p>\n<p align=\"justify\">Ajuste 3 (l\u00edneas 2, 3, 11, 12, 14,15, 17 y 19) de norte a sur: en su trayecto por el bulevar Ignacio Soto se dirigir\u00e1 al sur por el Perif\u00e9rico Oriente, Luis Encinas, hasta llegar al Jard\u00edn Ju\u00e1rez en el Centro.<\/p>\n<p align=\"justify\">Ajuste 4 (l\u00edneas 1, 2, 3, 5, 6, 10, 13, 15, 16 y 18) de oriente a poniente: de la Y\u00e1\u00f1ez se dirigir\u00e1 al oriente por la Av. No Reelecci\u00f3n, rodear\u00e1 el Cerro de la Campana hacia el poniente para continuar sobre el bulevar Ignacio Serna y dirigirse al norte por la calle Reforma.<\/p>\n<p align=\"justify\">Ajuste 5 (l\u00edneas 8, 9, 11 y 15) de norte a sur: de la Y\u00e1\u00f1ez se dirigir\u00e1 al oriente por la Av. No Reelecci\u00f3n, rodear\u00e1 el Cerro de la Campana y se dirigir\u00e1 al poniente por el bulevar Francisco Serna para continuar su recorrido al sur por la calle Reforma, bulevar Solidaridad y Av. Manuel Ojeda.<\/p>\n<p align=\"justify\">Ajuste 6 (l\u00edneas 2, 3, 8, 9 y 11) de sur a norte: al transitar por la Av. Carlos Balderrama se dirigir\u00e1 al norte por Reforma para continuar al oriente por el bulevar Francisco Serna, rodear\u00e1 el Cerro de la Campana hasta llegar a la Av. Dr. Noriega en el Centro.<\/p>\n<p align=\"justify\">Ajuste 7 (l\u00edneas 4 Centro y 18 Lado B Soriana) de sur a norte: al transitar por la Av. Carlos Balderrama se dirigir\u00e1 al norte por el bulevar Solidaridad y Reforma.<\/p>\n<p align=\"justify\">Ajuste 8 (l\u00ednea 4 Perif\u00e9rico) de norte a sur: el recorrido ser\u00e1 hacia el sur por el bulevar Solidaridad y al oriente por la Av. Manuel Ojeda.<\/p>\n","protected":false},"excerpt":{"rendered":"<p>Hermosillo, Sonora; 25 de abril de 2025.- El Gobierno de Sonora, a trav\u00e9s del Instituto de Movilidad y Transporte para el Estado de Sonora (IMTES), anuncia ajustes en las l\u00edneas de transporte urbano de Hermosillo debido a la manifestaci\u00f3n de la ExpoGan 2025, programada para el pr\u00f3ximo domingo 27 de abril. Carlos Sosa Casta\u00f1eda, coordinador [&hellip;]<\/p>\n","protected":false},"author":2,"featured_media":216222,"comment_status":"closed","ping_status":"closed","sticky":false,"template":"","format":"standard","meta":{"footnotes":""},"categories":[12870,178],"tags":[12865,12869],"class_list":["post-216221","post","type-post","status-publish","format-standard","has-post-thumbnail","hentry","category-destacadas","category-local","tag-destacadas","tag-local"],"jetpack_featured_media_url":"https:\/\/rnoticias.com.mx\/Portal\/wp-content\/uploads\/2025\/04\/unnamed-1-53.jpg","amp_enabled":true,"_links":{"self":[{"href":"https:\/\/rnoticias.com.mx\/Portal\/wp-json\/wp\/v2\/posts\/216221","targetHints":{"allow":["GET"]}}],"collection":[{"href":"https:\/\/rnoticias.com.mx\/Portal\/wp-json\/wp\/v2\/posts"}],"about":[{"href":"https:\/\/rnoticias.com.mx\/Portal\/wp-json\/wp\/v2\/types\/post"}],"author":[{"embeddable":true,"href":"https:\/\/rnoticias.com.mx\/Portal\/wp-json\/wp\/v2\/users\/2"}],"replies":[{"embeddable":true,"href":"https:\/\/rnoticias.com.mx\/Portal\/wp-json\/wp\/v2\/comments?post=216221"}],"version-history":[{"count":1,"href":"https:\/\/rnoticias.com.mx\/Portal\/wp-json\/wp\/v2\/posts\/216221\/revisions"}],"predecessor-version":[{"id":216223,"href":"https:\/\/rnoticias.com.mx\/Portal\/wp-json\/wp\/v2\/posts\/216221\/revisions\/216223"}],"wp:featuredmedia":[{"embeddable":true,"href":"https:\/\/rnoticias.com.mx\/Portal\/wp-json\/wp\/v2\/media\/216222"}],"wp:attachment":[{"href":"https:\/\/rnoticias.com.mx\/Portal\/wp-json\/wp\/v2\/media?parent=216221"}],"wp:term":[{"taxonomy":"category","embeddable":true,"href":"https:\/\/rnoticias.com.mx\/Portal\/wp-json\/wp\/v2\/categories?post=216221"},{"taxonomy":"post_tag","embeddable":true,"href":"https:\/\/rnoticias.com.mx\/Portal\/wp-json\/wp\/v2\/tags?post=216221"}],"curies":[{"name":"wp","href":"https:\/\/api.w.org\/{rel}","templated":true}]}}