{"id":216171,"date":"2025-04-25T12:44:19","date_gmt":"2025-04-25T12:44:19","guid":{"rendered":"https:\/\/rnoticias.com.mx\/Portal\/?p=216171"},"modified":"2025-04-25T12:44:19","modified_gmt":"2025-04-25T12:44:19","slug":"inicia-iee-sonora-capacitacion-a-candidatas-y-candidatos-a-personas-juzgadoras","status":"publish","type":"post","link":"https:\/\/rnoticias.com.mx\/Portal\/2025\/04\/25\/inicia-iee-sonora-capacitacion-a-candidatas-y-candidatos-a-personas-juzgadoras\/","title":{"rendered":"Inicia IEE Sonora capacitaci\u00f3n a candidatas y candidatos a personas juzgadoras"},"content":{"rendered":"<p><strong>Inicia IEE Sonora capacitaci\u00f3n a candidatas y candidatos a personas juzgadoras<\/strong><\/p>\n<p><strong>\u00a0<\/strong><\/p>\n<p><strong>Bolet\u00edn 046<\/strong><\/p>\n<p><strong>\u00a0<\/strong><\/p>\n<p>El Instituto Estatal Electoral y de Participaci\u00f3n Ciudadana de Sonora (IEE Sonora), inici\u00f3 la capacitaci\u00f3n a candidatas y candidatos, registrados para participar en el Proceso Electoral Extraordinario del Poder Judicial Local (PEEPJL2025) que se realizar\u00e1 el 1 de junio.<\/p>\n<p>Nery Ruiz Arvizu, consejero presidente del IEE Sonora, mencion\u00f3 que la actividad ser\u00e1 encabezada por las y los titulares de Direcciones Ejecutivas y Unidades de este \u00f3rgano, en un programa que incluye diversos temas como la aprobaci\u00f3n de la Reforma Constitucional y de la Ley de Instituciones y Procedimientos Electorales del Estado de Sonora (LIPEES).<\/p>\n<p>\u201cPara el Instituto es muy importante que las y los candidatos a magistraturas del Supremo Tribunal de Justicia del Estado, Tribunal de Disciplina Judicial, de Tribunales Regionales de Circuito, Juezas y Jueces, conozcan el trabajo de preparaci\u00f3n de esta elecci\u00f3n que estamos realizando, as\u00ed como solventar sus dudas e inquietudes\u201d, coment\u00f3.<\/p>\n<p>El programa de capacitaci\u00f3n incluye tambi\u00e9n la explicaci\u00f3n del marco geogr\u00e1fico, tipos de denuncias, Juicio Oral Sancionador, Violencia Pol\u00edtica de G\u00e9nero, as\u00ed como todo lo relacionado con el cat\u00e1logo de infracciones.<\/p>\n<p>Tambi\u00e9n se abordar\u00e1n temas como fiscalizaci\u00f3n, topes de gastos de campa\u00f1a, contenido, colores y diferenciaci\u00f3n de las boletas, c\u00f3mo funcionar\u00e1 el c\u00f3mputo, observadores electorales, criterios de paridad, sistema Con\u00f3celes, entre otros.<\/p>\n<p>Record\u00f3 que el pr\u00f3ximo martes 29 de abril, inician las campa\u00f1as de las personas candidatas y candidatos a los cuatro cargos que ser\u00e1n electos en nuestra entidad, \u201chacemos un llamado a la ciudadan\u00eda para que ingrese a nuestra p\u00e1gina, nos siga en redes sociales y conozca m\u00e1s sobre esta elecci\u00f3n\u201d.<\/p>\n<p>El consejero presidente, dijo que todas las y los candidatos fueron convocados a esta capacitaci\u00f3n, llam\u00f3 a integrantes de c\u00e1maras empresariales, organizaciones de la sociedad civil, acad\u00e9micos y sociedad en general interesada en recibir esta capacitaci\u00f3n hacer llegar su petici\u00f3n en el (662) 25 94 900.<\/p>\n","protected":false},"excerpt":{"rendered":"<p>Inicia IEE Sonora capacitaci\u00f3n a candidatas y candidatos a personas juzgadoras \u00a0 Bolet\u00edn 046 \u00a0 El Instituto Estatal Electoral y de Participaci\u00f3n Ciudadana de Sonora (IEE Sonora), inici\u00f3 la capacitaci\u00f3n a candidatas y candidatos, registrados para participar en el Proceso Electoral Extraordinario del Poder Judicial Local (PEEPJL2025) que se realizar\u00e1 el 1 de junio. Nery [&hellip;]<\/p>\n","protected":false},"author":2,"featured_media":216172,"comment_status":"closed","ping_status":"closed","sticky":false,"template":"","format":"standard","meta":{"footnotes":""},"categories":[12870,178],"tags":[12865,12869],"class_list":["post-216171","post","type-post","status-publish","format-standard","has-post-thumbnail","hentry","category-destacadas","category-local","tag-destacadas","tag-local"],"jetpack_featured_media_url":"https:\/\/rnoticias.com.mx\/Portal\/wp-content\/uploads\/2025\/04\/Capacitacion-candidatas-y-candidatos_.jpg","amp_enabled":true,"_links":{"self":[{"href":"https:\/\/rnoticias.com.mx\/Portal\/wp-json\/wp\/v2\/posts\/216171","targetHints":{"allow":["GET"]}}],"collection":[{"href":"https:\/\/rnoticias.com.mx\/Portal\/wp-json\/wp\/v2\/posts"}],"about":[{"href":"https:\/\/rnoticias.com.mx\/Portal\/wp-json\/wp\/v2\/types\/post"}],"author":[{"embeddable":true,"href":"https:\/\/rnoticias.com.mx\/Portal\/wp-json\/wp\/v2\/users\/2"}],"replies":[{"embeddable":true,"href":"https:\/\/rnoticias.com.mx\/Portal\/wp-json\/wp\/v2\/comments?post=216171"}],"version-history":[{"count":1,"href":"https:\/\/rnoticias.com.mx\/Portal\/wp-json\/wp\/v2\/posts\/216171\/revisions"}],"predecessor-version":[{"id":216173,"href":"https:\/\/rnoticias.com.mx\/Portal\/wp-json\/wp\/v2\/posts\/216171\/revisions\/216173"}],"wp:featuredmedia":[{"embeddable":true,"href":"https:\/\/rnoticias.com.mx\/Portal\/wp-json\/wp\/v2\/media\/216172"}],"wp:attachment":[{"href":"https:\/\/rnoticias.com.mx\/Portal\/wp-json\/wp\/v2\/media?parent=216171"}],"wp:term":[{"taxonomy":"category","embeddable":true,"href":"https:\/\/rnoticias.com.mx\/Portal\/wp-json\/wp\/v2\/categories?post=216171"},{"taxonomy":"post_tag","embeddable":true,"href":"https:\/\/rnoticias.com.mx\/Portal\/wp-json\/wp\/v2\/tags?post=216171"}],"curies":[{"name":"wp","href":"https:\/\/api.w.org\/{rel}","templated":true}]}}