{"id":216163,"date":"2025-04-25T03:22:50","date_gmt":"2025-04-25T03:22:50","guid":{"rendered":"https:\/\/rnoticias.com.mx\/Portal\/?p=216163"},"modified":"2025-04-25T03:22:50","modified_gmt":"2025-04-25T03:22:50","slug":"sanos-y-a-salvo-tres-menores-reportados-como-desaparecidos-en-empalme","status":"publish","type":"post","link":"https:\/\/rnoticias.com.mx\/Portal\/2025\/04\/25\/sanos-y-a-salvo-tres-menores-reportados-como-desaparecidos-en-empalme\/","title":{"rendered":"Sanos y a salvo tres menores reportados como desaparecidos en Empalme"},"content":{"rendered":"<p>Hermosillo, Sonora, 24 de abril de 2025.- La Fiscal\u00eda General de Justicia del Estado de Sonora (FGJES) informa que tres menores de edad, reportados como desaparecidos en Empalme, fueron localizados en buen estado de salud en Hermosillo, gracias a las labores coordinadas de la Agencia Ministerial de Investigaci\u00f3n Criminal (AMIC) y la activaci\u00f3n de la Alerta Amber Sonora.<\/p>\n<p>La investigaci\u00f3n determin\u00f3 que la ausencia de los menores estuvo relacionada a situaciones de su entorno familiar.<\/p>\n<p>Durante su comparecencia, los menores se\u00f1alaron no haber sido v\u00edctimas de delito alguno durante su estancia fuera de casa.<\/p>\n<p>Personal de la AMIC y de la Vicefiscal\u00eda de Personas Desaparecidas implementaron acciones para garantizar su retorno seguro a su ciudad de origen y el restablecimiento de su protecci\u00f3n integral.<\/p>\n<p>La FGJES reitera su compromiso con la atenci\u00f3n inmediata en casos de desaparici\u00f3n, especialmente cuando se trata de ni\u00f1as, ni\u00f1os y adolescentes, as\u00ed como su firme determinaci\u00f3n para combatir la violencia familiar y proteger el bienestar de las familias sonorenses.<\/p>\n","protected":false},"excerpt":{"rendered":"<p>Hermosillo, Sonora, 24 de abril de 2025.- La Fiscal\u00eda General de Justicia del Estado de Sonora (FGJES) informa que tres menores de edad, reportados como desaparecidos en Empalme, fueron localizados en buen estado de salud en Hermosillo, gracias a las labores coordinadas de la Agencia Ministerial de Investigaci\u00f3n Criminal (AMIC) y la activaci\u00f3n de la [&hellip;]<\/p>\n","protected":false},"author":2,"featured_media":216164,"comment_status":"closed","ping_status":"closed","sticky":false,"template":"","format":"standard","meta":{"footnotes":""},"categories":[12870,178],"tags":[12865,12869],"class_list":["post-216163","post","type-post","status-publish","format-standard","has-post-thumbnail","hentry","category-destacadas","category-local","tag-destacadas","tag-local"],"jetpack_featured_media_url":"https:\/\/rnoticias.com.mx\/Portal\/wp-content\/uploads\/2025\/04\/ffba2a43-7750-4ec9-aca1-9a6a50fb3779.jpg","amp_enabled":true,"_links":{"self":[{"href":"https:\/\/rnoticias.com.mx\/Portal\/wp-json\/wp\/v2\/posts\/216163","targetHints":{"allow":["GET"]}}],"collection":[{"href":"https:\/\/rnoticias.com.mx\/Portal\/wp-json\/wp\/v2\/posts"}],"about":[{"href":"https:\/\/rnoticias.com.mx\/Portal\/wp-json\/wp\/v2\/types\/post"}],"author":[{"embeddable":true,"href":"https:\/\/rnoticias.com.mx\/Portal\/wp-json\/wp\/v2\/users\/2"}],"replies":[{"embeddable":true,"href":"https:\/\/rnoticias.com.mx\/Portal\/wp-json\/wp\/v2\/comments?post=216163"}],"version-history":[{"count":1,"href":"https:\/\/rnoticias.com.mx\/Portal\/wp-json\/wp\/v2\/posts\/216163\/revisions"}],"predecessor-version":[{"id":216165,"href":"https:\/\/rnoticias.com.mx\/Portal\/wp-json\/wp\/v2\/posts\/216163\/revisions\/216165"}],"wp:featuredmedia":[{"embeddable":true,"href":"https:\/\/rnoticias.com.mx\/Portal\/wp-json\/wp\/v2\/media\/216164"}],"wp:attachment":[{"href":"https:\/\/rnoticias.com.mx\/Portal\/wp-json\/wp\/v2\/media?parent=216163"}],"wp:term":[{"taxonomy":"category","embeddable":true,"href":"https:\/\/rnoticias.com.mx\/Portal\/wp-json\/wp\/v2\/categories?post=216163"},{"taxonomy":"post_tag","embeddable":true,"href":"https:\/\/rnoticias.com.mx\/Portal\/wp-json\/wp\/v2\/tags?post=216163"}],"curies":[{"name":"wp","href":"https:\/\/api.w.org\/{rel}","templated":true}]}}