{"id":216099,"date":"2025-04-25T00:22:38","date_gmt":"2025-04-25T00:22:38","guid":{"rendered":"https:\/\/rnoticias.com.mx\/Portal\/?p=216099"},"modified":"2025-04-25T00:22:38","modified_gmt":"2025-04-25T00:22:38","slug":"declara-ine-validez-y-definitividad-del-padron-electoral-y-listas-nominales-de-electores-para-la-eleccion-del-poder-judicial","status":"publish","type":"post","link":"https:\/\/rnoticias.com.mx\/Portal\/2025\/04\/25\/declara-ine-validez-y-definitividad-del-padron-electoral-y-listas-nominales-de-electores-para-la-eleccion-del-poder-judicial\/","title":{"rendered":"Declara INE validez y definitividad del Padr\u00f3n Electoral y Listas Nominales de Electores para la elecci\u00f3n del Poder Judicial"},"content":{"rendered":"<p class=\"x_MsoNormal\"><span data-olk-copy-source=\"MessageBody\">El Consejo General del Instituto Nacional Electoral (INE) declar\u00f3 que el Padr\u00f3n Electoral y la Lista Nominal de Electores que ser\u00e1n utilizados en las elecciones del 1 de junio, con motivo del Proceso Electoral Extraordinario para la elecci\u00f3n de diversos cargos del Poder Judicial de la Federaci\u00f3n 2024-2025 y los Procesos Electorales de los Poderes Judiciales Locales 2024-2025, son v\u00e1lidos y definitivos.<\/span><\/p>\n<p class=\"x_MsoNormal\">\n<p class=\"x_MsoNormal\">En total, en todo el pa\u00eds durante la Jornada Electoral del pr\u00f3ximo 1 de junio, 99 millones 793 mil 821 mexicanas y mexicanos podr\u00e1n votar en las Casillas Seccionales de la primera elecci\u00f3n del Poder Judicial de la Federaci\u00f3n y de los Poderes Judiciales Locales que as\u00ed lo determinaron.<\/p>\n<p class=\"x_MsoNormal\">\n<p class=\"x_MsoNormal\">Lo anterior, al quedar conformada la Lista Nominal de Electores con Credencial para Votar vigente, con 51 millones 904 mil 135 mujeres (52.01 %) y 47 millones 889 mil 404 hombres (47.99 %), adem\u00e1s de 282 personas no binarias.<\/p>\n<p class=\"x_MsoNormal\">\n<p class=\"x_MsoNormal\">En tanto, como resultado de las actividades de actualizaci\u00f3n, el Padr\u00f3n Electoral Nacional se integr\u00f3 por un total de 99 millones 938 mil 607 personas, de las cuales, 51 millones 973 mil 863 son mujeres, 47 millones 964 mil 460 son hombres y 284 corresponden a personas no binarias.<\/p>\n<p class=\"x_MsoNormal\">\n<p class=\"x_MsoNormal\">En sesi\u00f3n extraordinaria se destac\u00f3 que la Lista Nominal de Electores<i>\u00a0<\/i>respecto al Padr\u00f3n Electoral, alcanz\u00f3 una cobertura del 99.86 %, la m\u00e1s alta en el periodo de 2006 al 2025.<\/p>\n<p class=\"x_MsoNormal\">\n<p class=\"x_MsoNormal\">Para la primera elecci\u00f3n de personas juzgadoras, la autoridad electoral tambi\u00e9n declar\u00f3 la validez y definitividad de la<i>\u00a0<\/i>Lista<i>\u00a0<\/i>Nominal de Electores con Voto Anticipado Definitivo, que est\u00e1 compuesta por 5 mil 555 registros ciudadanos, de los cuales 3 mil 558 corresponden al sexo femenino, equivalente al 64.05 % y mil 997 son hombres, lo que equivale al 35.95 %.<\/p>\n<p class=\"x_MsoNormal\">\n<p class=\"x_MsoNormal\"><b><i>En Con\u00f3celes el 99.09 % de candidaturas al Poder Judicial han compartido su informaci\u00f3n curricular<\/i><\/b><\/p>\n<p class=\"x_MsoNormal\">\n<p class=\"x_MsoNormal\">En otro punto del orden del d\u00eda, consejeras y consejeros dieron por recibido el\u00a0<i>Informe que presenta la Unidad T\u00e9cnica de Transparencia y Protecci\u00f3n de Datos Personales, en relaci\u00f3n con el Sistema Con\u00f3celes para la elecci\u00f3n de integrantes del Poder Judicial de la Federaci\u00f3n 2025<\/i>, con corte al 21 de abril, da cuenta que 3 mil 352 candidaturas de la elecci\u00f3n del Poder Judicial, han compartido su informaci\u00f3n curricular, es decir, un promedio global del 99.09 %.<\/p>\n<p class=\"x_MsoNormal\">\n<p class=\"x_MsoNormal\">El INE implement\u00f3 el sistema\u00a0<i>Con\u00f3celes<\/i>, con el objetivo de que la ciudadan\u00eda pueda ejercer su voto con informaci\u00f3n sobre las candidaturas, conocer cu\u00e1l es su trayectoria profesional, perfil y propuestas del cargo por el\u00a0cual\u00a0compiten.<\/p>\n<p class=\"x_MsoNormal\">\n<p class=\"x_MsoNormal\">El desglose de captura por tipo de cargo, hasta el 21 de abril, es el siguiente:<\/p>\n<ul type=\"disc\">\n<li class=\"x_MsoNormal\">Ministras y Ministros de la Suprema Corte de Justicia de la Naci\u00f3n: el avance es del 98.44 %, es decir, 63 de los 64 cuestionarios esperados.<\/li>\n<li class=\"x_MsoNormal\">Magistradas y Magistrados del Tribunal de Disciplina Judicial: 38 cuestionarios curriculares que equivalen al 100 %.<\/li>\n<li class=\"x_MsoNormal\">Magistradas y Magistrados de la Sala Superior del Tribunal Electoral del Poder Judicial de la Federaci\u00f3n (TEPJF): el avance es del 100 %, es decir, fueron capturados 15 cuestionarios.<\/li>\n<li class=\"x_MsoNormal\">Magistradas y Magistrados de las Salas Regionales del TEPJF: tambi\u00e9n muestra un avance del 100%, con la captura de 95 cuestionarios.<\/li>\n<li class=\"x_MsoNormal\">Magistradas y Magistrados de Circuito: el avance es del 99.02 %, es decir, fueron capturados mil 622 de los mil 638 cuestionarios.<\/li>\n<li class=\"x_MsoNormal\">Juezas y Jueces de Distrito: el avance es del 97.12 %, es decir, fueron capturados mil 519 de los mil 564 cuestionarios curriculares.<\/li>\n<\/ul>\n<p class=\"x_MsoNormal\">\n<p class=\"x_MsoNormal\">Es importante precisar que el Instituto contin\u00faa recibiendo informaci\u00f3n por parte de las candidaturas y estos porcentajes siguen incrementando.<\/p>\n<p class=\"x_MsoNormal\">\n<p class=\"x_MsoNormal\">Con base en las estad\u00edsticas registradas mediante la herramienta\u00a0<i>Google Analytics<\/i>, el sistema, desde su liberaci\u00f3n el 30 de marzo de 2025 y al corte del 21 de abril del presente a\u00f1o, ha recibido un total de 2 millones 751 mil 881 visitas con un periodo de interacci\u00f3n de cuatro minutos con 59 segundos por parte de los usuarios.<\/p>\n","protected":false},"excerpt":{"rendered":"<p>El Consejo General del Instituto Nacional Electoral (INE) declar\u00f3 que el Padr\u00f3n Electoral y la Lista Nominal de Electores que ser\u00e1n utilizados en las elecciones del 1 de junio, con motivo del Proceso Electoral Extraordinario para la elecci\u00f3n de diversos cargos del Poder Judicial de la Federaci\u00f3n 2024-2025 y los Procesos Electorales de los Poderes [&hellip;]<\/p>\n","protected":false},"author":2,"featured_media":216100,"comment_status":"closed","ping_status":"closed","sticky":false,"template":"","format":"standard","meta":{"footnotes":""},"categories":[12870,172],"tags":[12865,12874],"class_list":["post-216099","post","type-post","status-publish","format-standard","has-post-thumbnail","hentry","category-destacadas","category-nacional","tag-destacadas","tag-nacional"],"jetpack_featured_media_url":"https:\/\/rnoticias.com.mx\/Portal\/wp-content\/uploads\/2025\/04\/WhatsApp-Image-2025-04-24-at-2.40.33-PM.jpeg","amp_enabled":true,"_links":{"self":[{"href":"https:\/\/rnoticias.com.mx\/Portal\/wp-json\/wp\/v2\/posts\/216099","targetHints":{"allow":["GET"]}}],"collection":[{"href":"https:\/\/rnoticias.com.mx\/Portal\/wp-json\/wp\/v2\/posts"}],"about":[{"href":"https:\/\/rnoticias.com.mx\/Portal\/wp-json\/wp\/v2\/types\/post"}],"author":[{"embeddable":true,"href":"https:\/\/rnoticias.com.mx\/Portal\/wp-json\/wp\/v2\/users\/2"}],"replies":[{"embeddable":true,"href":"https:\/\/rnoticias.com.mx\/Portal\/wp-json\/wp\/v2\/comments?post=216099"}],"version-history":[{"count":1,"href":"https:\/\/rnoticias.com.mx\/Portal\/wp-json\/wp\/v2\/posts\/216099\/revisions"}],"predecessor-version":[{"id":216101,"href":"https:\/\/rnoticias.com.mx\/Portal\/wp-json\/wp\/v2\/posts\/216099\/revisions\/216101"}],"wp:featuredmedia":[{"embeddable":true,"href":"https:\/\/rnoticias.com.mx\/Portal\/wp-json\/wp\/v2\/media\/216100"}],"wp:attachment":[{"href":"https:\/\/rnoticias.com.mx\/Portal\/wp-json\/wp\/v2\/media?parent=216099"}],"wp:term":[{"taxonomy":"category","embeddable":true,"href":"https:\/\/rnoticias.com.mx\/Portal\/wp-json\/wp\/v2\/categories?post=216099"},{"taxonomy":"post_tag","embeddable":true,"href":"https:\/\/rnoticias.com.mx\/Portal\/wp-json\/wp\/v2\/tags?post=216099"}],"curies":[{"name":"wp","href":"https:\/\/api.w.org\/{rel}","templated":true}]}}