{"id":216093,"date":"2025-04-25T00:03:47","date_gmt":"2025-04-25T00:03:47","guid":{"rendered":"https:\/\/rnoticias.com.mx\/Portal\/?p=216093"},"modified":"2025-04-25T00:03:47","modified_gmt":"2025-04-25T00:03:47","slug":"gobierno-de-sonora-implementa-acciones-de-trabajo-en-apoyo-a-la-sociedad-sonorense-con-personas-privadas-de-la-libertad","status":"publish","type":"post","link":"https:\/\/rnoticias.com.mx\/Portal\/2025\/04\/25\/gobierno-de-sonora-implementa-acciones-de-trabajo-en-apoyo-a-la-sociedad-sonorense-con-personas-privadas-de-la-libertad\/","title":{"rendered":"Gobierno de Sonora implementa acciones de trabajo en apoyo a la sociedad sonorense con Personas Privadas de la Libertad"},"content":{"rendered":"<p align=\"left\">Hermosillo, Sonora; 24 de abril de 2025.\u2013 Como parte de la estrategia para promover la reinserci\u00f3n social efectiva y el cumplimiento de los planes de actividades dentro de los Centros de Reinserci\u00f3n Social (CRS) del estado, el Gobierno de Sonora pondr\u00e1 en marcha acciones de trabajo en apoyo a la sociedad sonorense en vinculaci\u00f3n con Personas Privadas de la Libertad (PPL).<\/p>\n<p align=\"left\">El programa contempla trabajos extramuros no remunerados, mediante los cuales los participantes realizar\u00e1n labores de limpieza y mantenimiento en espacios p\u00fablicos al servicio de las y los sonorenses, como parques, edificios en desuso y canales, incluyendo el Vado del R\u00edo.<\/p>\n<p align=\"left\">Este esfuerzo est\u00e1 dirigido a PPL que cumplan con un perfil espec\u00edfico, entre los que destacan: haber sido sentenciados por delitos no considerados de alto impacto, tener al menos el 50% de su pena compurgada, mantener buena conducta, carecer de recursos econ\u00f3micos y haber solicitado la sustituci\u00f3n de multa por jornadas comunitarias, conforme al art\u00edculo 158 fracci\u00f3n II de la Ley Nacional de Ejecuci\u00f3n Penal.<\/p>\n<p align=\"left\">Adem\u00e1s, la participaci\u00f3n ser\u00e1 estrictamente voluntaria y orientada a quienes deseen integrarse al Eje del Trabajo como parte de su proceso de reintegraci\u00f3n social.<\/p>\n<p align=\"left\">Para garantizar un desarrollo seguro y ordenado del programa, se ha elaborado un Procedimiento Sistem\u00e1tico de Operaci\u00f3n (PSO) que establece los lineamientos para el personal penitenciario, as\u00ed como un Plan General de Operaciones que definir\u00e1 la log\u00edstica de las jornadas, incluyendo la calendarizaci\u00f3n, el listado de PPL participantes, horarios y ubicaci\u00f3n de los trabajos.<\/p>\n<p align=\"left\">Con esta iniciativa, el Gobierno de Sonora refrenda su compromiso de brindar nuevas oportunidades de reintegraci\u00f3n a quienes buscan reencauzar sus vidas, al tiempo que se contribuye al bienestar de la comunidad y a la mejora de los espacios p\u00fablicos de Sonora.<\/p>\n","protected":false},"excerpt":{"rendered":"<p>Hermosillo, Sonora; 24 de abril de 2025.\u2013 Como parte de la estrategia para promover la reinserci\u00f3n social efectiva y el cumplimiento de los planes de actividades dentro de los Centros de Reinserci\u00f3n Social (CRS) del estado, el Gobierno de Sonora pondr\u00e1 en marcha acciones de trabajo en apoyo a la sociedad sonorense en vinculaci\u00f3n con [&hellip;]<\/p>\n","protected":false},"author":2,"featured_media":216094,"comment_status":"closed","ping_status":"closed","sticky":false,"template":"","format":"standard","meta":{"footnotes":""},"categories":[12870,178],"tags":[12865,12869],"class_list":["post-216093","post","type-post","status-publish","format-standard","has-post-thumbnail","hentry","category-destacadas","category-local","tag-destacadas","tag-local"],"jetpack_featured_media_url":"https:\/\/rnoticias.com.mx\/Portal\/wp-content\/uploads\/2025\/04\/unnamed-1-50.jpg","amp_enabled":true,"_links":{"self":[{"href":"https:\/\/rnoticias.com.mx\/Portal\/wp-json\/wp\/v2\/posts\/216093","targetHints":{"allow":["GET"]}}],"collection":[{"href":"https:\/\/rnoticias.com.mx\/Portal\/wp-json\/wp\/v2\/posts"}],"about":[{"href":"https:\/\/rnoticias.com.mx\/Portal\/wp-json\/wp\/v2\/types\/post"}],"author":[{"embeddable":true,"href":"https:\/\/rnoticias.com.mx\/Portal\/wp-json\/wp\/v2\/users\/2"}],"replies":[{"embeddable":true,"href":"https:\/\/rnoticias.com.mx\/Portal\/wp-json\/wp\/v2\/comments?post=216093"}],"version-history":[{"count":1,"href":"https:\/\/rnoticias.com.mx\/Portal\/wp-json\/wp\/v2\/posts\/216093\/revisions"}],"predecessor-version":[{"id":216095,"href":"https:\/\/rnoticias.com.mx\/Portal\/wp-json\/wp\/v2\/posts\/216093\/revisions\/216095"}],"wp:featuredmedia":[{"embeddable":true,"href":"https:\/\/rnoticias.com.mx\/Portal\/wp-json\/wp\/v2\/media\/216094"}],"wp:attachment":[{"href":"https:\/\/rnoticias.com.mx\/Portal\/wp-json\/wp\/v2\/media?parent=216093"}],"wp:term":[{"taxonomy":"category","embeddable":true,"href":"https:\/\/rnoticias.com.mx\/Portal\/wp-json\/wp\/v2\/categories?post=216093"},{"taxonomy":"post_tag","embeddable":true,"href":"https:\/\/rnoticias.com.mx\/Portal\/wp-json\/wp\/v2\/tags?post=216093"}],"curies":[{"name":"wp","href":"https:\/\/api.w.org\/{rel}","templated":true}]}}