{"id":216090,"date":"2025-04-24T23:45:33","date_gmt":"2025-04-24T23:45:33","guid":{"rendered":"https:\/\/rnoticias.com.mx\/Portal\/?p=216090"},"modified":"2025-04-24T23:45:33","modified_gmt":"2025-04-24T23:45:33","slug":"f1-cerca-de-renovar-contrato-del-gp-de-mexico","status":"publish","type":"post","link":"https:\/\/rnoticias.com.mx\/Portal\/2025\/04\/24\/f1-cerca-de-renovar-contrato-del-gp-de-mexico\/","title":{"rendered":"F1, cerca de renovar contrato del GP de M\u00e9xico"},"content":{"rendered":"<p>Este jueves 24 de abril, la Jefa de Gobierno de la Ciudad de M\u00e9xico,\u00a0<strong>Clara Brugada<\/strong>, asegur\u00f3 que se renovar\u00e1 el contrato entre el\u00a0<a href=\"https:\/\/www.informador.mx\/gran-premio-de-mexico-t9045\" target=\"_blank\" rel=\"noopener\"><strong>Gran Premio de M\u00e9xico<\/strong><\/a>\u00a0y la F\u00f3rmula 1 (F1).<\/p>\n<p>A espera de que se haga oficial el pr\u00f3ximo 30 de abril, los amantes del deporte motor en M\u00e9xico podr\u00e1n disfrutar, de acuerdo con los rumores, por tres a\u00f1os m\u00e1s de la participaci\u00f3n de los mejores pilotos del mundo en la competencia que se disputa en el Aut\u00f3dromo Hermanos Rodr\u00edguez de la capital.<\/p>\n<p>Aunque muchos aficionados tem\u00edan que tras la salida del jalisciense\u00a0<a href=\"https:\/\/www.informador.mx\/sergio-perez-t2189\" target=\"_blank\" rel=\"noopener\"><strong>Sergio &#8220;Checo&#8221; P\u00e9rez<\/strong><\/a>\u00a0del equipo Red Bull tras finalizar la temporada 2024, la F1 mantendr\u00e1 el GP de M\u00e9xico en su calendario y, de hecho, para este 2025, ya est\u00e1n agotados los boletos.<\/p>\n<p><mark><strong>&#8220;La pr\u00f3xima semana estaremos firmando el convenio con la F\u00f3rmula 1 as\u00ed que son buenas noticias&#8221;,<\/strong><\/mark>\u00a0declar\u00f3 la Jefa de Gobierno, Clara Brugada.<\/p>\n<p>De ese modo, continuar\u00e1 una relaci\u00f3n hist\u00f3rica entre la\u00a0<a href=\"https:\/\/www.informador.mx\/f1-t426\" target=\"_blank\" rel=\"noopener\"><strong>F1<\/strong><\/a>\u00a0y M\u00e9xico, uno de los pa\u00edses m\u00e1s importantes para el deporte en cuanto a afici\u00f3n y espect\u00e1culo.<\/p>\n<p>El GP de M\u00e9xico se celebr\u00f3 de forma ininterrumpida entre 1962 y 1970, consolid\u00e1ndose como uno de los eventos m\u00e1s destacados del calendario automovil\u00edstico en ese momento. Tras una pausa, la F1 regres\u00f3 al pa\u00eds en 1986 y se mantuvo hasta 1992.<\/p>\n<p>Despu\u00e9s de m\u00e1s de dos d\u00e9cadas de ausencia, la m\u00e1xima categor\u00eda del automovilismo regres\u00f3 a M\u00e9xico en 2015. Desde entonces, y con excepci\u00f3n de 2020, cuando el evento fue cancelado debido a la pandemia de COVID-19, el Gran Premio de M\u00e9xico se ha llevado a cabo cada a\u00f1o. Se ha ganado el reconocimiento mundial por su gran organizaci\u00f3n, la pasi\u00f3n de los aficionados y el ambiente vibrante del Aut\u00f3dromo Hermanos Rodr\u00edguez, siendo ya una de las carreras m\u00e1s aclamadas del calendario.<\/p>\n<p><mark><strong>La d\u00e9cima edici\u00f3n del GP de M\u00e9xico, tras su regreso al calendario, se llevar\u00e1 a cabo del 24 al 26 de octubre de 2025.<\/strong><\/mark><\/p>\n<div class=\"div-pos-7\"><\/div>\n<p><i>*Con informaci\u00f3n de SUN<\/i><\/p>\n","protected":false},"excerpt":{"rendered":"<p>Este jueves 24 de abril, la Jefa de Gobierno de la Ciudad de M\u00e9xico,\u00a0Clara Brugada, asegur\u00f3 que se renovar\u00e1 el contrato entre el\u00a0Gran Premio de M\u00e9xico\u00a0y la F\u00f3rmula 1 (F1). A espera de que se haga oficial el pr\u00f3ximo 30 de abril, los amantes del deporte motor en M\u00e9xico podr\u00e1n disfrutar, de acuerdo con los [&hellip;]<\/p>\n","protected":false},"author":2,"featured_media":216091,"comment_status":"closed","ping_status":"closed","sticky":false,"template":"","format":"standard","meta":{"footnotes":""},"categories":[188,12870],"tags":[5231,12865],"class_list":["post-216090","post","type-post","status-publish","format-standard","has-post-thumbnail","hentry","category-deportes","category-destacadas","tag-deportes","tag-destacadas"],"jetpack_featured_media_url":"https:\/\/rnoticias.com.mx\/Portal\/wp-content\/uploads\/2025\/04\/ran-premio-cdmx-2023.jpg","amp_enabled":true,"_links":{"self":[{"href":"https:\/\/rnoticias.com.mx\/Portal\/wp-json\/wp\/v2\/posts\/216090","targetHints":{"allow":["GET"]}}],"collection":[{"href":"https:\/\/rnoticias.com.mx\/Portal\/wp-json\/wp\/v2\/posts"}],"about":[{"href":"https:\/\/rnoticias.com.mx\/Portal\/wp-json\/wp\/v2\/types\/post"}],"author":[{"embeddable":true,"href":"https:\/\/rnoticias.com.mx\/Portal\/wp-json\/wp\/v2\/users\/2"}],"replies":[{"embeddable":true,"href":"https:\/\/rnoticias.com.mx\/Portal\/wp-json\/wp\/v2\/comments?post=216090"}],"version-history":[{"count":1,"href":"https:\/\/rnoticias.com.mx\/Portal\/wp-json\/wp\/v2\/posts\/216090\/revisions"}],"predecessor-version":[{"id":216092,"href":"https:\/\/rnoticias.com.mx\/Portal\/wp-json\/wp\/v2\/posts\/216090\/revisions\/216092"}],"wp:featuredmedia":[{"embeddable":true,"href":"https:\/\/rnoticias.com.mx\/Portal\/wp-json\/wp\/v2\/media\/216091"}],"wp:attachment":[{"href":"https:\/\/rnoticias.com.mx\/Portal\/wp-json\/wp\/v2\/media?parent=216090"}],"wp:term":[{"taxonomy":"category","embeddable":true,"href":"https:\/\/rnoticias.com.mx\/Portal\/wp-json\/wp\/v2\/categories?post=216090"},{"taxonomy":"post_tag","embeddable":true,"href":"https:\/\/rnoticias.com.mx\/Portal\/wp-json\/wp\/v2\/tags?post=216090"}],"curies":[{"name":"wp","href":"https:\/\/api.w.org\/{rel}","templated":true}]}}