{"id":216075,"date":"2025-04-24T23:32:16","date_gmt":"2025-04-24T23:32:16","guid":{"rendered":"https:\/\/rnoticias.com.mx\/Portal\/?p=216075"},"modified":"2025-04-24T23:32:16","modified_gmt":"2025-04-24T23:32:16","slug":"reconocen-en-emiratos-arabes-unidos-a-gobierno-de-sonora-y-a-la-ues-con-libro-sobre-palma-datilera","status":"publish","type":"post","link":"https:\/\/rnoticias.com.mx\/Portal\/2025\/04\/24\/reconocen-en-emiratos-arabes-unidos-a-gobierno-de-sonora-y-a-la-ues-con-libro-sobre-palma-datilera\/","title":{"rendered":"Reconocen en Emiratos \u00c1rabes Unidos a Gobierno de Sonora y a la UES con libro sobre palma datilera"},"content":{"rendered":"<p align=\"justify\">Abu Dabi, Emiratos \u00c1rabes Unidos; 24 de abril de 2025.- El Gobierno de Sonora y la Universidad Estatal de Sonora (UES) fueron reconocidos internacionalmente durante la presentaci\u00f3n oficial del libro \u201cEl cultivo de la palma datilera en M\u00e9xico\u201d, como parte del fortalecimiento de la cooperaci\u00f3n cient\u00edfica y agr\u00edcola entre M\u00e9xico y Emiratos \u00c1rabes Unidos.<\/p>\n<p align=\"justify\">La obra, escrita por los docentes Ricardo Salom\u00f3n Torres, No\u00e9 Ortiz Uribe y Yohandri Ruisanchez Ortega, de la Unidad Acad\u00e9mica San Luis R\u00edo Colorado, fue entregada como obsequio del Gobierno de Emiratos \u00c1rabes Unidos a M\u00e9xico, a trav\u00e9s del Premio Internacional Khalifa para la Palma Datilera y la Innovaci\u00f3n Agr\u00edcola.<\/p>\n<p align=\"justify\">Durante el acto protocolario, encabezado por el ministro de Tolerancia y Convivencia y presidente del Consejo del Premio, Sheikh Nahayan Mabarak Al Nahyan, el libro fue recibido por el director de UES San Luis R\u00edo Colorado, Carlos Enrique Ram\u00edrez Escamilla, quien agradeci\u00f3 a nombre del gobernador Alfonso Durazo Monta\u00f1o y de la rectora de la UES, Martha Patricia Pati\u00f1o Fierro.<\/p>\n<p align=\"justify\">La publicaci\u00f3n documenta la historia del cultivo de la palma datilera en M\u00e9xico, las variedades existentes, datos de producci\u00f3n y exportaci\u00f3n, as\u00ed como el manejo agr\u00edcola del d\u00e1til medjoul, una de las variedades m\u00e1s valoradas a nivel internacional.<\/p>\n<p align=\"justify\">Se imprimieron 500 ejemplares del libro en alta calidad; 300 ser\u00e1n distribuidos por la UES entre productoras, productores y aliadas y aliados estrat\u00e9gicos en Sonora, mientras que 200 se donar\u00e1n a la Embajada de Emiratos \u00c1rabes Unidos en M\u00e9xico para su uso en eventos oficiales.<\/p>\n<p align=\"justify\">San Luis R\u00edo Colorado ha sido reconocido como una de las regiones con mejor producci\u00f3n de d\u00e1til medjoul a nivel mundial.\u00a0La ciudad ha sido sede del Festival Internacional de la Palma Datilera en M\u00e9xico en tres ediciones y ser\u00e1 nuevamente anfitriona en noviembre de este a\u00f1o.<\/p>\n","protected":false},"excerpt":{"rendered":"<p>Abu Dabi, Emiratos \u00c1rabes Unidos; 24 de abril de 2025.- El Gobierno de Sonora y la Universidad Estatal de Sonora (UES) fueron reconocidos internacionalmente durante la presentaci\u00f3n oficial del libro \u201cEl cultivo de la palma datilera en M\u00e9xico\u201d, como parte del fortalecimiento de la cooperaci\u00f3n cient\u00edfica y agr\u00edcola entre M\u00e9xico y Emiratos \u00c1rabes Unidos. La [&hellip;]<\/p>\n","protected":false},"author":2,"featured_media":216076,"comment_status":"closed","ping_status":"closed","sticky":false,"template":"","format":"standard","meta":{"footnotes":""},"categories":[12870,178],"tags":[12865,12869],"class_list":["post-216075","post","type-post","status-publish","format-standard","has-post-thumbnail","hentry","category-destacadas","category-local","tag-destacadas","tag-local"],"jetpack_featured_media_url":"https:\/\/rnoticias.com.mx\/Portal\/wp-content\/uploads\/2025\/04\/unnamed-2-22.jpg","amp_enabled":true,"_links":{"self":[{"href":"https:\/\/rnoticias.com.mx\/Portal\/wp-json\/wp\/v2\/posts\/216075","targetHints":{"allow":["GET"]}}],"collection":[{"href":"https:\/\/rnoticias.com.mx\/Portal\/wp-json\/wp\/v2\/posts"}],"about":[{"href":"https:\/\/rnoticias.com.mx\/Portal\/wp-json\/wp\/v2\/types\/post"}],"author":[{"embeddable":true,"href":"https:\/\/rnoticias.com.mx\/Portal\/wp-json\/wp\/v2\/users\/2"}],"replies":[{"embeddable":true,"href":"https:\/\/rnoticias.com.mx\/Portal\/wp-json\/wp\/v2\/comments?post=216075"}],"version-history":[{"count":1,"href":"https:\/\/rnoticias.com.mx\/Portal\/wp-json\/wp\/v2\/posts\/216075\/revisions"}],"predecessor-version":[{"id":216077,"href":"https:\/\/rnoticias.com.mx\/Portal\/wp-json\/wp\/v2\/posts\/216075\/revisions\/216077"}],"wp:featuredmedia":[{"embeddable":true,"href":"https:\/\/rnoticias.com.mx\/Portal\/wp-json\/wp\/v2\/media\/216076"}],"wp:attachment":[{"href":"https:\/\/rnoticias.com.mx\/Portal\/wp-json\/wp\/v2\/media?parent=216075"}],"wp:term":[{"taxonomy":"category","embeddable":true,"href":"https:\/\/rnoticias.com.mx\/Portal\/wp-json\/wp\/v2\/categories?post=216075"},{"taxonomy":"post_tag","embeddable":true,"href":"https:\/\/rnoticias.com.mx\/Portal\/wp-json\/wp\/v2\/tags?post=216075"}],"curies":[{"name":"wp","href":"https:\/\/api.w.org\/{rel}","templated":true}]}}