{"id":216072,"date":"2025-04-24T23:31:15","date_gmt":"2025-04-24T23:31:15","guid":{"rendered":"https:\/\/rnoticias.com.mx\/Portal\/?p=216072"},"modified":"2025-04-24T23:31:15","modified_gmt":"2025-04-24T23:31:15","slug":"exigiran-cetemistas-hermosillenses-reduccion-de-jornada-laboral","status":"publish","type":"post","link":"https:\/\/rnoticias.com.mx\/Portal\/2025\/04\/24\/exigiran-cetemistas-hermosillenses-reduccion-de-jornada-laboral\/","title":{"rendered":"Exigir\u00e1n cetemistas hermosillenses reducci\u00f3n de jornada laboral"},"content":{"rendered":"<p>Miles de trabajadores afiliados a la CTM Hermosillo, van a formar parte del contingente que participar\u00e1 en el Desfile del pr\u00f3ximo 1 de mayo, confirm\u00f3 Oscar Ortiz Arvayo.<\/p>\n<p>&nbsp;<\/p>\n<p>El dirigente de la CTM Hermosillo, mencion\u00f3 que m\u00e1s de 10 mil trabajadores que forman parte de esa central obrera en la capital sonorense, van a participar en el tradicional desfile por el D\u00eda del Trabajo y en donde la principal manifestaci\u00f3n que har\u00e1n, es para que en M\u00e9xico la jornada laboral se reduzca de 48 a 40 horas por semana.<\/p>\n<p>&nbsp;<\/p>\n<p><strong>\u00a0\u201cNosotros seguimos pugnando porque asi sea, no veo porque tengamos que seguir esperando ese cambio, nosotros el primero de mayo nos vamos a concentrar en el CUM de Hermosillo, m\u00e1s de 12 mil trabajadores vamos a estar ah\u00ed reunidos para exigir dentro de otras cosas, las 40 horas\u201d, afirm\u00f3.<\/strong><\/p>\n<p><strong>\u00a0<\/strong><\/p>\n<p>El tambi\u00e9n diputado local, asever\u00f3, que existe confianza en las gestiones que ha encabezado la presidenta de M\u00e9xico, Claudia Sheinbaum para que esa iniciativa prospere y beneficiar a miles de trabajadores con esa reducci\u00f3n de su jornada laboral semanal.<\/p>\n<p>&nbsp;<\/p>\n<p>Finalmente, declar\u00f3, que en la concentraci\u00f3n posterior al desfile que tendr\u00e1n en el CUM el 1 de mayo, se har\u00e1 de conocimiento a los miles de trabajadores presentes, de otros temas de inter\u00e9s general como el Plan Nacional de Vivienda.<\/p>\n<p>&nbsp;<\/p>\n<p>&nbsp;<\/p>\n","protected":false},"excerpt":{"rendered":"<p>Miles de trabajadores afiliados a la CTM Hermosillo, van a formar parte del contingente que participar\u00e1 en el Desfile del pr\u00f3ximo 1 de mayo, confirm\u00f3 Oscar Ortiz Arvayo. &nbsp; El dirigente de la CTM Hermosillo, mencion\u00f3 que m\u00e1s de 10 mil trabajadores que forman parte de esa central obrera en la capital sonorense, van a [&hellip;]<\/p>\n","protected":false},"author":2,"featured_media":216073,"comment_status":"closed","ping_status":"closed","sticky":false,"template":"","format":"standard","meta":{"footnotes":""},"categories":[12870,178],"tags":[12865,12869],"class_list":["post-216072","post","type-post","status-publish","format-standard","has-post-thumbnail","hentry","category-destacadas","category-local","tag-destacadas","tag-local"],"jetpack_featured_media_url":"https:\/\/rnoticias.com.mx\/Portal\/wp-content\/uploads\/2025\/04\/unnamed-1-49.jpg","amp_enabled":true,"_links":{"self":[{"href":"https:\/\/rnoticias.com.mx\/Portal\/wp-json\/wp\/v2\/posts\/216072","targetHints":{"allow":["GET"]}}],"collection":[{"href":"https:\/\/rnoticias.com.mx\/Portal\/wp-json\/wp\/v2\/posts"}],"about":[{"href":"https:\/\/rnoticias.com.mx\/Portal\/wp-json\/wp\/v2\/types\/post"}],"author":[{"embeddable":true,"href":"https:\/\/rnoticias.com.mx\/Portal\/wp-json\/wp\/v2\/users\/2"}],"replies":[{"embeddable":true,"href":"https:\/\/rnoticias.com.mx\/Portal\/wp-json\/wp\/v2\/comments?post=216072"}],"version-history":[{"count":1,"href":"https:\/\/rnoticias.com.mx\/Portal\/wp-json\/wp\/v2\/posts\/216072\/revisions"}],"predecessor-version":[{"id":216074,"href":"https:\/\/rnoticias.com.mx\/Portal\/wp-json\/wp\/v2\/posts\/216072\/revisions\/216074"}],"wp:featuredmedia":[{"embeddable":true,"href":"https:\/\/rnoticias.com.mx\/Portal\/wp-json\/wp\/v2\/media\/216073"}],"wp:attachment":[{"href":"https:\/\/rnoticias.com.mx\/Portal\/wp-json\/wp\/v2\/media?parent=216072"}],"wp:term":[{"taxonomy":"category","embeddable":true,"href":"https:\/\/rnoticias.com.mx\/Portal\/wp-json\/wp\/v2\/categories?post=216072"},{"taxonomy":"post_tag","embeddable":true,"href":"https:\/\/rnoticias.com.mx\/Portal\/wp-json\/wp\/v2\/tags?post=216072"}],"curies":[{"name":"wp","href":"https:\/\/api.w.org\/{rel}","templated":true}]}}