{"id":216066,"date":"2025-04-24T22:32:55","date_gmt":"2025-04-24T22:32:55","guid":{"rendered":"https:\/\/rnoticias.com.mx\/Portal\/?p=216066"},"modified":"2025-04-24T22:32:55","modified_gmt":"2025-04-24T22:32:55","slug":"imputados-por-fgjes-cuatro-personas-por-tentativa-de-homicidio-contra-elementos-de-la-pesp","status":"publish","type":"post","link":"https:\/\/rnoticias.com.mx\/Portal\/2025\/04\/24\/imputados-por-fgjes-cuatro-personas-por-tentativa-de-homicidio-contra-elementos-de-la-pesp\/","title":{"rendered":"Imputados por FGJES cuatro personas por tentativa de homicidio contra elementos de la PESP"},"content":{"rendered":"<p>Hermosillo, Sonora, 24 de abril de 2025.- La Fiscal\u00eda General de Justicia del Estado de Sonora (FGJES) formul\u00f3 imputaci\u00f3n en contra de cuatro sujetos se\u00f1alados por su probable responsabilidad en los delitos de tentativa de homicidio calificado con ventaja, delito contra funcionario p\u00fablico ejerciendo violencia con arma de fuego, asociaci\u00f3n delictuosa en concurso real de delitos y\/o lo que resulte.<\/p>\n<p>Los hechos se suscitaron el pasado 20 de abril en las inmediaciones del Ejido Molino de Camou, municipio de Hermosillo, donde elementos de la Polic\u00eda Estatal de Seguridad P\u00fablica (PESP) fueron agredidos con disparos de arma de fuego por civiles armados que se desplazaban en un sed\u00e1n azul y una pick up caf\u00e9.<\/p>\n<p>Tras el operativo de respuesta, en coordinaci\u00f3n con cuerpos de seguridad de los tres \u00f3rdenes de Gobierno, fue localizado el veh\u00edculo sed\u00e1n Toyota, mismo que contaba con reporte de robo en Sinaloa, y en el que fueron asegurados Melanie \u201cN\u201d, de 25 a\u00f1os; Diego Imanol \u201cN\u201d, de 24; Adri\u00e1n Narciso \u201cN\u201d, de 34, y Esteban \u201cN\u201d, de 22.<\/p>\n<p>Durante el aseguramiento se incautaron cuatro armas de fuego y chalecos bal\u00edsticos que se encontraban en el interior del veh\u00edculo, mismos que fueron puestos a disposici\u00f3n del Ministerio P\u00fablico junto con los detenidos, iniciando carpeta de investigaci\u00f3n por los delitos se\u00f1alados.<\/p>\n<p>En la audiencia, el Juez calific\u00f3 de legal la detenci\u00f3n, se formul\u00f3 imputaci\u00f3n, se expusieron datos de prueba, y los imputados se reservaron su derecho a declarar, acogi\u00e9ndose al t\u00e9rmino constitucional de 144 horas para la resoluci\u00f3n a la vinculaci\u00f3n a proceso. Como medida cautelar se impuso prisi\u00f3n preventiva justificada.<\/p>\n<p>Cabe se\u00f1alar que Esteban \u201cN\u201d, uno de los imputados, contaba con reporte y denuncia como persona desaparecida, sin embargo, por las investigaciones ministeriales se estableci\u00f3 que se encontraba vinculado por voluntad propia a actividades delictivas con una agrupaci\u00f3n criminal.<\/p>\n<p>La Fiscal\u00eda General de Justicia del Estado de Sonora (FGJES) reitera su firme compromiso con el Estado de Derecho y con la protecci\u00f3n de las instituciones de seguridad p\u00fablica, y continuar\u00e1 realizando investigaciones t\u00e9cnicas, coordinadas y exhaustivas para esclarecer los hechos, llevar ante la justicia a los probables responsables y garantizar la aplicaci\u00f3n de la ley en todo el territorio sonorense.<\/p>\n","protected":false},"excerpt":{"rendered":"<p>Hermosillo, Sonora, 24 de abril de 2025.- La Fiscal\u00eda General de Justicia del Estado de Sonora (FGJES) formul\u00f3 imputaci\u00f3n en contra de cuatro sujetos se\u00f1alados por su probable responsabilidad en los delitos de tentativa de homicidio calificado con ventaja, delito contra funcionario p\u00fablico ejerciendo violencia con arma de fuego, asociaci\u00f3n delictuosa en concurso real de [&hellip;]<\/p>\n","protected":false},"author":2,"featured_media":216067,"comment_status":"closed","ping_status":"closed","sticky":false,"template":"","format":"standard","meta":{"footnotes":""},"categories":[12870,178],"tags":[12865,12869],"class_list":["post-216066","post","type-post","status-publish","format-standard","has-post-thumbnail","hentry","category-destacadas","category-local","tag-destacadas","tag-local"],"jetpack_featured_media_url":"https:\/\/rnoticias.com.mx\/Portal\/wp-content\/uploads\/2025\/04\/2758e2ec-5049-426a-beec-59647047359a.jpg","amp_enabled":true,"_links":{"self":[{"href":"https:\/\/rnoticias.com.mx\/Portal\/wp-json\/wp\/v2\/posts\/216066","targetHints":{"allow":["GET"]}}],"collection":[{"href":"https:\/\/rnoticias.com.mx\/Portal\/wp-json\/wp\/v2\/posts"}],"about":[{"href":"https:\/\/rnoticias.com.mx\/Portal\/wp-json\/wp\/v2\/types\/post"}],"author":[{"embeddable":true,"href":"https:\/\/rnoticias.com.mx\/Portal\/wp-json\/wp\/v2\/users\/2"}],"replies":[{"embeddable":true,"href":"https:\/\/rnoticias.com.mx\/Portal\/wp-json\/wp\/v2\/comments?post=216066"}],"version-history":[{"count":1,"href":"https:\/\/rnoticias.com.mx\/Portal\/wp-json\/wp\/v2\/posts\/216066\/revisions"}],"predecessor-version":[{"id":216068,"href":"https:\/\/rnoticias.com.mx\/Portal\/wp-json\/wp\/v2\/posts\/216066\/revisions\/216068"}],"wp:featuredmedia":[{"embeddable":true,"href":"https:\/\/rnoticias.com.mx\/Portal\/wp-json\/wp\/v2\/media\/216067"}],"wp:attachment":[{"href":"https:\/\/rnoticias.com.mx\/Portal\/wp-json\/wp\/v2\/media?parent=216066"}],"wp:term":[{"taxonomy":"category","embeddable":true,"href":"https:\/\/rnoticias.com.mx\/Portal\/wp-json\/wp\/v2\/categories?post=216066"},{"taxonomy":"post_tag","embeddable":true,"href":"https:\/\/rnoticias.com.mx\/Portal\/wp-json\/wp\/v2\/tags?post=216066"}],"curies":[{"name":"wp","href":"https:\/\/api.w.org\/{rel}","templated":true}]}}