{"id":216060,"date":"2025-04-24T21:55:35","date_gmt":"2025-04-24T21:55:35","guid":{"rendered":"https:\/\/rnoticias.com.mx\/Portal\/?p=216060"},"modified":"2025-04-24T21:55:35","modified_gmt":"2025-04-24T21:55:35","slug":"joven-de-19-anos-es-vinculado-a-proceso-por-el-delito-de-robo-agravado-en-grado-de-tentativa","status":"publish","type":"post","link":"https:\/\/rnoticias.com.mx\/Portal\/2025\/04\/24\/joven-de-19-anos-es-vinculado-a-proceso-por-el-delito-de-robo-agravado-en-grado-de-tentativa\/","title":{"rendered":"Joven de 19 a\u00f1os es vinculado a proceso por el delito de robo agravado en grado de tentativa"},"content":{"rendered":"<p>Hermosillo, Sonora, 24 de abril de 2025.- La Fiscal\u00eda General de Justicia del Estado de Sonora (FGJES) obtuvo la vinculaci\u00f3n a proceso de Florencio Alberto \u201cN\u201d, de 19 a\u00f1os, por el delito de robo agravado en grado de tentativa en perjuicio de una pareja, ocurrido en las inmediaciones del Centro Hist\u00f3rico de Hermosillo.<\/p>\n<p>El presunto responsable es se\u00f1alado por los hechos ocurridos la madrugada del 7 de abril y que fueron difundidos a trav\u00e9s de una videograbaci\u00f3n en redes sociales.<\/p>\n<p>Florencio Alberto \u201cN\u201d, alias \u201cEl G\u00fcero\u201d y\/o \u201cEl Tololo\u201d fue vinculado a proceso por un Juez y determin\u00f3 prisi\u00f3n preventiva justificada.<\/p>\n<p>La vinculaci\u00f3n a proceso se deriv\u00f3 de la ejecuci\u00f3n de una orden de aprehensi\u00f3n por reclusi\u00f3n realizada el pasado 21 de abril, posterior a estar detenido desde el 20 de abril por el delito de portaci\u00f3n de arma.<\/p>\n<p>Cabe destacar que al \u201cEl G\u00fcero\u201d y\/o \u201cEl Tololo\u201d tambi\u00e9n se le cumpliment\u00f3 una orden de aprehensi\u00f3n por el delito de robo con violencia en las personas, de noche, por dos o m\u00e1s personas respecto de un veh\u00edculo de propulsi\u00f3n mec\u00e1nica, hecho ocurrido cuando era menor de edad, por lo que ese asunto ser\u00e1 atendido por el \u00c1rea Especializada en Procuraci\u00f3n de Justicia para Adolescentes y Corrupci\u00f3n de Menores de la Fiscal\u00eda General de Justicia del Estado de Sonora (FGJES).<\/p>\n","protected":false},"excerpt":{"rendered":"<p>Hermosillo, Sonora, 24 de abril de 2025.- La Fiscal\u00eda General de Justicia del Estado de Sonora (FGJES) obtuvo la vinculaci\u00f3n a proceso de Florencio Alberto \u201cN\u201d, de 19 a\u00f1os, por el delito de robo agravado en grado de tentativa en perjuicio de una pareja, ocurrido en las inmediaciones del Centro Hist\u00f3rico de Hermosillo. El presunto [&hellip;]<\/p>\n","protected":false},"author":2,"featured_media":216061,"comment_status":"closed","ping_status":"closed","sticky":false,"template":"","format":"standard","meta":{"footnotes":""},"categories":[12870,178],"tags":[12865,12869],"class_list":["post-216060","post","type-post","status-publish","format-standard","has-post-thumbnail","hentry","category-destacadas","category-local","tag-destacadas","tag-local"],"jetpack_featured_media_url":"https:\/\/rnoticias.com.mx\/Portal\/wp-content\/uploads\/2025\/04\/040020ee-1876-45d7-89b0-23d60b8c21e6.jpg","amp_enabled":true,"_links":{"self":[{"href":"https:\/\/rnoticias.com.mx\/Portal\/wp-json\/wp\/v2\/posts\/216060","targetHints":{"allow":["GET"]}}],"collection":[{"href":"https:\/\/rnoticias.com.mx\/Portal\/wp-json\/wp\/v2\/posts"}],"about":[{"href":"https:\/\/rnoticias.com.mx\/Portal\/wp-json\/wp\/v2\/types\/post"}],"author":[{"embeddable":true,"href":"https:\/\/rnoticias.com.mx\/Portal\/wp-json\/wp\/v2\/users\/2"}],"replies":[{"embeddable":true,"href":"https:\/\/rnoticias.com.mx\/Portal\/wp-json\/wp\/v2\/comments?post=216060"}],"version-history":[{"count":1,"href":"https:\/\/rnoticias.com.mx\/Portal\/wp-json\/wp\/v2\/posts\/216060\/revisions"}],"predecessor-version":[{"id":216062,"href":"https:\/\/rnoticias.com.mx\/Portal\/wp-json\/wp\/v2\/posts\/216060\/revisions\/216062"}],"wp:featuredmedia":[{"embeddable":true,"href":"https:\/\/rnoticias.com.mx\/Portal\/wp-json\/wp\/v2\/media\/216061"}],"wp:attachment":[{"href":"https:\/\/rnoticias.com.mx\/Portal\/wp-json\/wp\/v2\/media?parent=216060"}],"wp:term":[{"taxonomy":"category","embeddable":true,"href":"https:\/\/rnoticias.com.mx\/Portal\/wp-json\/wp\/v2\/categories?post=216060"},{"taxonomy":"post_tag","embeddable":true,"href":"https:\/\/rnoticias.com.mx\/Portal\/wp-json\/wp\/v2\/tags?post=216060"}],"curies":[{"name":"wp","href":"https:\/\/api.w.org\/{rel}","templated":true}]}}