{"id":216057,"date":"2025-04-24T21:49:25","date_gmt":"2025-04-24T21:49:25","guid":{"rendered":"https:\/\/rnoticias.com.mx\/Portal\/?p=216057"},"modified":"2025-04-24T21:49:25","modified_gmt":"2025-04-24T21:49:25","slug":"dictamenes-medicos-y-psicologicos-realizara-la-cedh-para-el-poder-judicial-de-sonora","status":"publish","type":"post","link":"https:\/\/rnoticias.com.mx\/Portal\/2025\/04\/24\/dictamenes-medicos-y-psicologicos-realizara-la-cedh-para-el-poder-judicial-de-sonora\/","title":{"rendered":"Dict\u00e1menes m\u00e9dicos y psicol\u00f3gicos realizar\u00e1 la CEDH para el Poder Judicial de Sonora"},"content":{"rendered":"<p>HERMOSILLO, SONORA; 24 de abril del 2025.- La Comisi\u00f3n Estatal de Derechos Humanos colaborar\u00e1 con el Poder Judicial de Sonora realizando dict\u00e1menes m\u00e9dicos y psicol\u00f3gicos en posibles casos de tortura, luego del convenio firmado hoy por la CEDH y el Supremo Tribunal de Justicia.<\/p>\n<p>&nbsp;<\/p>\n<p>\u201cLa labor que realice el personal especializado de la Comisi\u00f3n, nos auxiliar\u00e1 en la impartici\u00f3n de justicia en materia penal&#8221;, dijo el presidente del Tribunal, magistrado Rafael Acu\u00f1a Griego, y apunt\u00f3 que ahora se podr\u00e1 tener una resoluci\u00f3n m\u00e1s oportuna de los peritajes necesarios en los juicios.<\/p>\n<p>&nbsp;<\/p>\n<p>Por su parte, el presidente de la CEDH, Luis Fernando Renter\u00eda Barrag\u00e1n, destac\u00f3 que la Comisi\u00f3n atender\u00e1 las solicitudes de las juezas y jueces del fuero local, a trav\u00e9s de su Oficina para el Protocolo de Estambul, creada hace tres a\u00f1os y que es la \u00fanica de su tipo en todo el pa\u00eds.<\/p>\n<p>&nbsp;<\/p>\n<p>El ombudsperson explic\u00f3 que esta oficina, especializada en aplicar las normas de las Naciones Unidas para investigar y documentar los casos de tortura y otros tratos crueles, inhumanos o degradantes, ha realizado en este tiempo 592 acciones, entre las que se cuentan 122 dict\u00e1menes m\u00e9dicos y psicol\u00f3gicos, adem\u00e1s de 343 opiniones e informes, entre otros servicios.<\/p>\n<p>&nbsp;<\/p>\n<p>Se\u00f1al\u00f3 que varios de estos casos atendidos son a petici\u00f3n de jueces federales y de otros estados de la Rep\u00fablica, y muchos de ellos vienen rezagados desde hace 14 a\u00f1os, precisamente por la falta de peritajes profesionales.<\/p>\n<p>&nbsp;<\/p>\n<p>\u201cDe ah\u00ed que poner a disposici\u00f3n del Poder Judicial sonorense esta capacidad de la CEDH, representa para nosotros un compromiso mayor con la impartici\u00f3n de justicia en Sonora\u201d, puntualiz\u00f3 Renter\u00eda Barrag\u00e1n.<\/p>\n<p>&nbsp;<\/p>\n","protected":false},"excerpt":{"rendered":"<p>HERMOSILLO, SONORA; 24 de abril del 2025.- La Comisi\u00f3n Estatal de Derechos Humanos colaborar\u00e1 con el Poder Judicial de Sonora realizando dict\u00e1menes m\u00e9dicos y psicol\u00f3gicos en posibles casos de tortura, luego del convenio firmado hoy por la CEDH y el Supremo Tribunal de Justicia. &nbsp; \u201cLa labor que realice el personal especializado de la Comisi\u00f3n, [&hellip;]<\/p>\n","protected":false},"author":2,"featured_media":216058,"comment_status":"closed","ping_status":"closed","sticky":false,"template":"","format":"standard","meta":{"footnotes":""},"categories":[12870,178],"tags":[12865,12869],"class_list":["post-216057","post","type-post","status-publish","format-standard","has-post-thumbnail","hentry","category-destacadas","category-local","tag-destacadas","tag-local"],"jetpack_featured_media_url":"https:\/\/rnoticias.com.mx\/Portal\/wp-content\/uploads\/2025\/04\/WhatsApp-Image-2025-04-24-at-2.47.38-PM.jpeg","amp_enabled":true,"_links":{"self":[{"href":"https:\/\/rnoticias.com.mx\/Portal\/wp-json\/wp\/v2\/posts\/216057","targetHints":{"allow":["GET"]}}],"collection":[{"href":"https:\/\/rnoticias.com.mx\/Portal\/wp-json\/wp\/v2\/posts"}],"about":[{"href":"https:\/\/rnoticias.com.mx\/Portal\/wp-json\/wp\/v2\/types\/post"}],"author":[{"embeddable":true,"href":"https:\/\/rnoticias.com.mx\/Portal\/wp-json\/wp\/v2\/users\/2"}],"replies":[{"embeddable":true,"href":"https:\/\/rnoticias.com.mx\/Portal\/wp-json\/wp\/v2\/comments?post=216057"}],"version-history":[{"count":1,"href":"https:\/\/rnoticias.com.mx\/Portal\/wp-json\/wp\/v2\/posts\/216057\/revisions"}],"predecessor-version":[{"id":216059,"href":"https:\/\/rnoticias.com.mx\/Portal\/wp-json\/wp\/v2\/posts\/216057\/revisions\/216059"}],"wp:featuredmedia":[{"embeddable":true,"href":"https:\/\/rnoticias.com.mx\/Portal\/wp-json\/wp\/v2\/media\/216058"}],"wp:attachment":[{"href":"https:\/\/rnoticias.com.mx\/Portal\/wp-json\/wp\/v2\/media?parent=216057"}],"wp:term":[{"taxonomy":"category","embeddable":true,"href":"https:\/\/rnoticias.com.mx\/Portal\/wp-json\/wp\/v2\/categories?post=216057"},{"taxonomy":"post_tag","embeddable":true,"href":"https:\/\/rnoticias.com.mx\/Portal\/wp-json\/wp\/v2\/tags?post=216057"}],"curies":[{"name":"wp","href":"https:\/\/api.w.org\/{rel}","templated":true}]}}