{"id":216051,"date":"2025-04-24T20:00:40","date_gmt":"2025-04-24T20:00:40","guid":{"rendered":"https:\/\/rnoticias.com.mx\/Portal\/?p=216051"},"modified":"2025-04-24T20:00:40","modified_gmt":"2025-04-24T20:00:40","slug":"vinculado-a-proceso-presunto-violador-de-un-menor-de-edad","status":"publish","type":"post","link":"https:\/\/rnoticias.com.mx\/Portal\/2025\/04\/24\/vinculado-a-proceso-presunto-violador-de-un-menor-de-edad\/","title":{"rendered":"Vinculado a proceso presunto violador de un menor de edad"},"content":{"rendered":"<p>Hermosillo, Sonora, 24 de abril de 2024.- Debido a su probable responsabilidad por los delitos de abuso sexual agravado reiterado y violaci\u00f3n agravada en n\u00famero de cuatro en concurso real de delitos, Luis Sebasti\u00e1n \u201cN\u201d, de 39 a\u00f1os de edad, fue vinculado a proceso y se le impuso la medida cautelar de prisi\u00f3n preventiva justificada.<\/p>\n<p>De acuerdo con la carpeta de investigaci\u00f3n, el se\u00f1alado cometi\u00f3 los referidos delitos aprovech\u00e1ndose de ser familiar pol\u00edtico del menor de edad v\u00edctima, de 17 a\u00f1os de edad, a quien viol\u00f3 en al menos 4 ocasiones.<\/p>\n<p>Tras la denuncia correspondiente, el se\u00f1alado fue capturado en un domicilio de la colonia Palo Verde por elementos de la Agencia Ministerial de Investigaci\u00f3n Criminal (AMIC) quienes lo pusieron a disposici\u00f3n de la autoridad correspondiente.<\/p>\n<p>Durante la audiencia, se present\u00f3 la carpeta de investigaci\u00f3n ante el Juez correspondiente, quien determin\u00f3 vincular a proceso al se\u00f1alado e imponer la medida cautelar de prisi\u00f3n preventiva justificada, garantizando de esta forma la seguridad de la v\u00edctima y la comparecencia del imputado.<\/p>\n<p>La Fiscal\u00eda General de Justicia del Estado de Sonora (FGJES) continuar\u00e1 con las investigaciones a fin de fortalecer la carpeta de este caso y obtener, en futuras etapas del proceso, una sentencia condenatoria con una pena ejemplar.<\/p>\n","protected":false},"excerpt":{"rendered":"<p>Hermosillo, Sonora, 24 de abril de 2024.- Debido a su probable responsabilidad por los delitos de abuso sexual agravado reiterado y violaci\u00f3n agravada en n\u00famero de cuatro en concurso real de delitos, Luis Sebasti\u00e1n \u201cN\u201d, de 39 a\u00f1os de edad, fue vinculado a proceso y se le impuso la medida cautelar de prisi\u00f3n preventiva justificada. [&hellip;]<\/p>\n","protected":false},"author":2,"featured_media":216052,"comment_status":"closed","ping_status":"closed","sticky":false,"template":"","format":"standard","meta":{"footnotes":""},"categories":[12870,178],"tags":[12865,12869],"class_list":["post-216051","post","type-post","status-publish","format-standard","has-post-thumbnail","hentry","category-destacadas","category-local","tag-destacadas","tag-local"],"jetpack_featured_media_url":"https:\/\/rnoticias.com.mx\/Portal\/wp-content\/uploads\/2025\/04\/d89ada95-be2a-473b-b0a9-28898da6dc81.jpg","amp_enabled":true,"_links":{"self":[{"href":"https:\/\/rnoticias.com.mx\/Portal\/wp-json\/wp\/v2\/posts\/216051","targetHints":{"allow":["GET"]}}],"collection":[{"href":"https:\/\/rnoticias.com.mx\/Portal\/wp-json\/wp\/v2\/posts"}],"about":[{"href":"https:\/\/rnoticias.com.mx\/Portal\/wp-json\/wp\/v2\/types\/post"}],"author":[{"embeddable":true,"href":"https:\/\/rnoticias.com.mx\/Portal\/wp-json\/wp\/v2\/users\/2"}],"replies":[{"embeddable":true,"href":"https:\/\/rnoticias.com.mx\/Portal\/wp-json\/wp\/v2\/comments?post=216051"}],"version-history":[{"count":1,"href":"https:\/\/rnoticias.com.mx\/Portal\/wp-json\/wp\/v2\/posts\/216051\/revisions"}],"predecessor-version":[{"id":216053,"href":"https:\/\/rnoticias.com.mx\/Portal\/wp-json\/wp\/v2\/posts\/216051\/revisions\/216053"}],"wp:featuredmedia":[{"embeddable":true,"href":"https:\/\/rnoticias.com.mx\/Portal\/wp-json\/wp\/v2\/media\/216052"}],"wp:attachment":[{"href":"https:\/\/rnoticias.com.mx\/Portal\/wp-json\/wp\/v2\/media?parent=216051"}],"wp:term":[{"taxonomy":"category","embeddable":true,"href":"https:\/\/rnoticias.com.mx\/Portal\/wp-json\/wp\/v2\/categories?post=216051"},{"taxonomy":"post_tag","embeddable":true,"href":"https:\/\/rnoticias.com.mx\/Portal\/wp-json\/wp\/v2\/tags?post=216051"}],"curies":[{"name":"wp","href":"https:\/\/api.w.org\/{rel}","templated":true}]}}