{"id":216045,"date":"2025-04-24T19:47:37","date_gmt":"2025-04-24T19:47:37","guid":{"rendered":"https:\/\/rnoticias.com.mx\/Portal\/?p=216045"},"modified":"2025-04-24T19:47:37","modified_gmt":"2025-04-24T19:47:37","slug":"vacunate-y-cuida-tu-salud-gobierno-de-sonora-promueve-la-semana-nacional-de-vacunacion","status":"publish","type":"post","link":"https:\/\/rnoticias.com.mx\/Portal\/2025\/04\/24\/vacunate-y-cuida-tu-salud-gobierno-de-sonora-promueve-la-semana-nacional-de-vacunacion\/","title":{"rendered":"\u00a1Vac\u00fanate y cuida tu salud! Gobierno de Sonora promueve la Semana Nacional de Vacunaci\u00f3n"},"content":{"rendered":"<p align=\"left\">Hermosillo, Sonora; 24 de abril de 2025.\u2013 El Gobierno de Sonora, a trav\u00e9s de la Secretar\u00eda de Salud P\u00fablica (SSP), anunci\u00f3 el inicio de la Primera Semana Nacional de Vacunaci\u00f3n, que se llevar\u00e1 a cabo del 26 de abril al 3 de mayo de 2025.<\/p>\n<p align=\"left\">El objetivo de esta jornada es proteger la salud de la poblaci\u00f3n en todas las etapas de la vida, mediante la vacunaci\u00f3n como medida para prevenir enfermedades, controlar brotes y mantener a Sonora libre de padecimientos evitables.<\/p>\n<p align=\"left\">Para este a\u00f1o, la meta vacunal es de 45 mil 575 dosis por aplicar. Entre los objetivos se encuentra mantener la eliminaci\u00f3n de enfermedades como la poliomielitis por virus silvestre, el t\u00e9tanos neonatal, el sarampi\u00f3n, la rub\u00e9ola y el s\u00edndrome de rub\u00e9ola cong\u00e9nita, entre otras.<\/p>\n<p align=\"left\">La SSP detall\u00f3 que las vacunas estar\u00e1n disponibles en centros de salud, unidades de medicina familiar y hospitales p\u00fablicos. Adem\u00e1s, se instalar\u00e1n m\u00f3dulos semifijos en escuelas, plazas, parques y centros comerciales.<\/p>\n<p align=\"left\">La vacunaci\u00f3n es la mejor herramienta para prevenir diversas enfermedades y una de las acciones de salud p\u00fablica m\u00e1s importantes. Tambi\u00e9n protege contra la gravedad de los s\u00edntomas y reduce el riesgo de hospitalizaci\u00f3n en caso de contraer alguna enfermedad.<\/p>\n<p align=\"left\">En rueda de prensa, se inform\u00f3 que el estado cuenta con el abasto necesario de vacunas e insumos para cubrir incluso las comunidades m\u00e1s alejadas, asegurando as\u00ed la protecci\u00f3n de toda la poblaci\u00f3n.<\/p>\n","protected":false},"excerpt":{"rendered":"<p>Hermosillo, Sonora; 24 de abril de 2025.\u2013 El Gobierno de Sonora, a trav\u00e9s de la Secretar\u00eda de Salud P\u00fablica (SSP), anunci\u00f3 el inicio de la Primera Semana Nacional de Vacunaci\u00f3n, que se llevar\u00e1 a cabo del 26 de abril al 3 de mayo de 2025. El objetivo de esta jornada es proteger la salud de [&hellip;]<\/p>\n","protected":false},"author":2,"featured_media":216046,"comment_status":"closed","ping_status":"closed","sticky":false,"template":"","format":"standard","meta":{"footnotes":""},"categories":[12870,178],"tags":[12865,12869],"class_list":["post-216045","post","type-post","status-publish","format-standard","has-post-thumbnail","hentry","category-destacadas","category-local","tag-destacadas","tag-local"],"jetpack_featured_media_url":"https:\/\/rnoticias.com.mx\/Portal\/wp-content\/uploads\/2025\/04\/unnamed-1-48.jpg","amp_enabled":true,"_links":{"self":[{"href":"https:\/\/rnoticias.com.mx\/Portal\/wp-json\/wp\/v2\/posts\/216045","targetHints":{"allow":["GET"]}}],"collection":[{"href":"https:\/\/rnoticias.com.mx\/Portal\/wp-json\/wp\/v2\/posts"}],"about":[{"href":"https:\/\/rnoticias.com.mx\/Portal\/wp-json\/wp\/v2\/types\/post"}],"author":[{"embeddable":true,"href":"https:\/\/rnoticias.com.mx\/Portal\/wp-json\/wp\/v2\/users\/2"}],"replies":[{"embeddable":true,"href":"https:\/\/rnoticias.com.mx\/Portal\/wp-json\/wp\/v2\/comments?post=216045"}],"version-history":[{"count":1,"href":"https:\/\/rnoticias.com.mx\/Portal\/wp-json\/wp\/v2\/posts\/216045\/revisions"}],"predecessor-version":[{"id":216047,"href":"https:\/\/rnoticias.com.mx\/Portal\/wp-json\/wp\/v2\/posts\/216045\/revisions\/216047"}],"wp:featuredmedia":[{"embeddable":true,"href":"https:\/\/rnoticias.com.mx\/Portal\/wp-json\/wp\/v2\/media\/216046"}],"wp:attachment":[{"href":"https:\/\/rnoticias.com.mx\/Portal\/wp-json\/wp\/v2\/media?parent=216045"}],"wp:term":[{"taxonomy":"category","embeddable":true,"href":"https:\/\/rnoticias.com.mx\/Portal\/wp-json\/wp\/v2\/categories?post=216045"},{"taxonomy":"post_tag","embeddable":true,"href":"https:\/\/rnoticias.com.mx\/Portal\/wp-json\/wp\/v2\/tags?post=216045"}],"curies":[{"name":"wp","href":"https:\/\/api.w.org\/{rel}","templated":true}]}}