{"id":216025,"date":"2025-04-24T17:01:16","date_gmt":"2025-04-24T17:01:16","guid":{"rendered":"https:\/\/rnoticias.com.mx\/Portal\/?p=216025"},"modified":"2025-04-24T17:01:16","modified_gmt":"2025-04-24T17:01:16","slug":"villa-koipal-una-alternativa-de-turismo-ecologico-en-slrc","status":"publish","type":"post","link":"https:\/\/rnoticias.com.mx\/Portal\/2025\/04\/24\/villa-koipal-una-alternativa-de-turismo-ecologico-en-slrc\/","title":{"rendered":"Villa Koipal, una alternativa de turismo ecol\u00f3gico en SLRC"},"content":{"rendered":"<p class=\"Typography_text-default__P3otY Typography_weight-normal__pqUbH Typography_text-default__P3otY Typography_weight-normal__pqUbH\"><b class=\"bold\">Villa Koipal\u00a0<\/b>se erige como una opci\u00f3n para los\u00a0<b class=\"bold\">sanluisinos<\/b>\u00a0en\u00a0<b class=\"bold\">Semana Santa<\/b>, para aquellos que no desean ir a la playa, o buscan algo diferente, se encuentra a 75 kil\u00f3metros aproximadamente al sur de\u00a0<b class=\"bold\">San Luis R\u00edo Colorad<\/b>o, justo pasando\u00a0<b class=\"bold\">Estaci\u00f3n Doctor<\/b>, donde se encuentra el ret\u00e9n militar.<\/p>\n<p class=\"Typography_text-default__P3otY Typography_weight-normal__pqUbH Typography_text-default__P3otY Typography_weight-normal__pqUbH\">El historiador Federico Iglesias Seraf\u00edn, inform\u00f3 que ese lugar se ha convertido en un sitio ideal para que los visitantes aprecien la naturaleza.<\/p>\n<p class=\"Typography_text-default__P3otY Typography_weight-normal__pqUbH Typography_text-default__P3otY Typography_weight-normal__pqUbH\"><i class=\"italic\">\u201cDe hecho, vamos a colocar unas cuerdas, que nos va a permitir entrar, tenemos tres sitios, igual a ese, con mesas y sillas que en realidad son troncos de \u00e1rbol\u201d.<\/i><\/p>\n<p class=\"Typography_text-default__P3otY Typography_weight-normal__pqUbH Typography_text-default__P3otY Typography_weight-normal__pqUbH\">Agreg\u00f3 que hay opciones para\u00a0<b class=\"bold\">renta de kayaks<\/b>, para que puedan pasearse remando por los sitios, adem\u00e1s que habr\u00e1\u00a0<b class=\"bold\">bicicletas de monta\u00f1a<\/b>.<\/p>\n<p class=\"Typography_text-default__P3otY Typography_weight-normal__pqUbH Typography_text-default__P3otY Typography_weight-normal__pqUbH\">Son cinco kil\u00f3metros los que componen la ruta, por lo que la gente podr\u00e1 encontrar estas actividades.<\/p>\n<p class=\"Typography_text-default__P3otY Typography_weight-normal__pqUbH Typography_text-default__P3otY Typography_weight-normal__pqUbH\">Dijo que, en el lugar, habr\u00e1 personal que se va a encargar de la renta de los kayaks, en donde est\u00e1 el\u00a0<b class=\"bold\">Espejo de Luna<\/b>.<\/p>\n<p class=\"Typography_text-default__P3otY Typography_weight-normal__pqUbH Typography_text-default__P3otY Typography_weight-normal__pqUbH\">Adem\u00e1s, a cuatro kil\u00f3metros al Norte, hay un espacio donde pueden apreciar a las aves que llegan al sitio.<\/p>\n<p class=\"Typography_text-default__P3otY Typography_weight-normal__pqUbH Typography_text-default__P3otY Typography_weight-normal__pqUbH\">Incluso, habr\u00e1 espacio para que la gente pueda\u00a0<b class=\"bold\">acampar<\/b>, se les puede\u00a0<b class=\"bold\">rentar unas carpas y hasta le\u00f1a<\/b>, para que puedan\u00a0<b class=\"bold\">dormir en el sitio<\/b>.<\/p>\n<figure class=\"Picture_picture__jeuFM\"><\/figure>\n<h2 class=\"Typography_text-xl__yFuoP Typography_weight-normal__pqUbH SubHead_sub-head__PVEMA\">Eventos hist\u00f3ricos<\/h2>\n<p class=\"Typography_text-default__P3otY Typography_weight-normal__pqUbH Typography_text-default__P3otY Typography_weight-normal__pqUbH\">Con tres insignes eventos en la historia territorial del municipio de\u00a0<b class=\"bold\">San Luis R\u00edo Colorado<\/b>,\u00a0<b class=\"bold\">Villa Koipal\u00a0<\/b>es el sitio del primer\u00a0<b class=\"bold\">encuentro espa\u00f1ol-cucapah<\/b>\u00a0sucedido un viernes 23 de agosto de 1540, en bordos del R\u00edo Colorado y\u00a0<b class=\"bold\">\u201cEspejo de Luna\u201d<\/b>, fuente de agua dulce.<\/p>\n<p class=\"Typography_text-default__P3otY Typography_weight-normal__pqUbH Typography_text-default__P3otY Typography_weight-normal__pqUbH\">Adem\u00e1s -como segundo evento- donde se coloc\u00f3 la cruz es el sitio en el cual el 25 de enero de 1625, fue celebrada la\u00a0<b class=\"bold\">primera misa por Fray Francisco Escobar\u00a0<\/b>en la expedici\u00f3n de Juan de Ulloa, quien vino a cumplir encomienda, que era destruir la guarida de los piratas en el desemboque del Colorado al Mar de Cort\u00e9s.<\/p>\n<p class=\"Typography_text-default__P3otY Typography_weight-normal__pqUbH Typography_text-default__P3otY Typography_weight-normal__pqUbH\">Como tercer evento de importancia, es el lugar donde fue autorizado a Fray Francisco Hermenegildo Garc\u00e9s levantar una\u00a0<b class=\"bold\">misi\u00f3n entre los Cucapah a San Pedro y San Pablo de Bicu\u00f1er<\/b>, pues con ese nombre se marc\u00f3 ah\u00ed el sitio.<\/p>\n<p class=\"Typography_text-default__P3otY Typography_weight-normal__pqUbH Typography_text-default__P3otY Typography_weight-normal__pqUbH\">Pero, a las dos semanas de haberse marcado, fue encontrada una rica mina de oro, a unos 7 kil\u00f3metros al norte de<b class=\"bold\">\u00a0\u201cLa Inmaculada Concepci\u00f3n\u201d<\/b>, era otra misi\u00f3n de las dos autorizadas a levantarse en el\u00a0<b class=\"bold\">Delta del Colorado<\/b>.<\/p>\n<p class=\"Typography_text-default__P3otY Typography_weight-normal__pqUbH Typography_text-default__P3otY Typography_weight-normal__pqUbH\">Una est\u00e1 entre los\u00a0<b class=\"bold\">Yuma-Quechan<\/b>; pues la marcada en\u00a0<b class=\"bold\">Villa Koipal<\/b>, se construy\u00f3 7 kil\u00f3metros al norte de los<b class=\"bold\">\u00a0Quechan<\/b>, con el nombre de Bicu\u00f1er, pr\u00f3xima a la alta\u00a0<b class=\"bold\">monta\u00f1a del Picacho<\/b>, en territorio de\u00a0<b class=\"bold\">Yuma<\/b>.<\/p>\n<p>&nbsp;<\/p>\n<p>Tribuna SLRC<\/p>\n","protected":false},"excerpt":{"rendered":"<p>Villa Koipal\u00a0se erige como una opci\u00f3n para los\u00a0sanluisinos\u00a0en\u00a0Semana Santa, para aquellos que no desean ir a la playa, o buscan algo diferente, se encuentra a 75 kil\u00f3metros aproximadamente al sur de\u00a0San Luis R\u00edo Colorado, justo pasando\u00a0Estaci\u00f3n Doctor, donde se encuentra el ret\u00e9n militar. El historiador Federico Iglesias Seraf\u00edn, inform\u00f3 que ese lugar se ha convertido [&hellip;]<\/p>\n","protected":false},"author":2,"featured_media":216026,"comment_status":"closed","ping_status":"closed","sticky":false,"template":"","format":"standard","meta":{"footnotes":""},"categories":[12870,174],"tags":[12865,12873],"class_list":["post-216025","post","type-post","status-publish","format-standard","has-post-thumbnail","hentry","category-destacadas","category-estatal","tag-destacadas","tag-estatal"],"jetpack_featured_media_url":"https:\/\/rnoticias.com.mx\/Portal\/wp-content\/uploads\/2025\/04\/IMG_20210429_134236_046-Copiar-Copiar-1024x768-1.jpg","amp_enabled":true,"_links":{"self":[{"href":"https:\/\/rnoticias.com.mx\/Portal\/wp-json\/wp\/v2\/posts\/216025","targetHints":{"allow":["GET"]}}],"collection":[{"href":"https:\/\/rnoticias.com.mx\/Portal\/wp-json\/wp\/v2\/posts"}],"about":[{"href":"https:\/\/rnoticias.com.mx\/Portal\/wp-json\/wp\/v2\/types\/post"}],"author":[{"embeddable":true,"href":"https:\/\/rnoticias.com.mx\/Portal\/wp-json\/wp\/v2\/users\/2"}],"replies":[{"embeddable":true,"href":"https:\/\/rnoticias.com.mx\/Portal\/wp-json\/wp\/v2\/comments?post=216025"}],"version-history":[{"count":1,"href":"https:\/\/rnoticias.com.mx\/Portal\/wp-json\/wp\/v2\/posts\/216025\/revisions"}],"predecessor-version":[{"id":216027,"href":"https:\/\/rnoticias.com.mx\/Portal\/wp-json\/wp\/v2\/posts\/216025\/revisions\/216027"}],"wp:featuredmedia":[{"embeddable":true,"href":"https:\/\/rnoticias.com.mx\/Portal\/wp-json\/wp\/v2\/media\/216026"}],"wp:attachment":[{"href":"https:\/\/rnoticias.com.mx\/Portal\/wp-json\/wp\/v2\/media?parent=216025"}],"wp:term":[{"taxonomy":"category","embeddable":true,"href":"https:\/\/rnoticias.com.mx\/Portal\/wp-json\/wp\/v2\/categories?post=216025"},{"taxonomy":"post_tag","embeddable":true,"href":"https:\/\/rnoticias.com.mx\/Portal\/wp-json\/wp\/v2\/tags?post=216025"}],"curies":[{"name":"wp","href":"https:\/\/api.w.org\/{rel}","templated":true}]}}