{"id":216019,"date":"2025-04-24T16:55:51","date_gmt":"2025-04-24T16:55:51","guid":{"rendered":"https:\/\/rnoticias.com.mx\/Portal\/?p=216019"},"modified":"2025-04-24T16:55:51","modified_gmt":"2025-04-24T16:55:51","slug":"promueven-en-nogales-difusion-de-la-ley-de-asociaciones-religiosas","status":"publish","type":"post","link":"https:\/\/rnoticias.com.mx\/Portal\/2025\/04\/24\/promueven-en-nogales-difusion-de-la-ley-de-asociaciones-religiosas\/","title":{"rendered":"Promueven en Nogales difusi\u00f3n de la Ley de Asociaciones Religiosas"},"content":{"rendered":"<p>Obedeciendo al principio de m\u00e1xima publicidad a la carta magna de nuestro estado de\u00a0<strong>Sonora,<\/strong>\u00a0la direcci\u00f3n estatal de\u00a0<strong>Asuntos Religiosos<\/strong>, promueve acciones en la\u00a0<strong>frontera<\/strong>\u00a0de\u00a0<strong>Nogales, Sonora,<\/strong>\u00a0para que todos los que forman parte de congregaciones y cultos en el municipio, conozcan sus derechos y obligaciones, as\u00ed como los funcionarios del\u00a0<strong>Ayuntamiento de\u00a0Nogales<\/strong> quienes tienen contacto directo con los miembros de estas organizaciones.<\/p>\n<p>Amanda Marchena, titular de esta dependencia que forma parte de la Secretar\u00eda de Gobierno en la entidad, explic\u00f3 la\u00a0<strong>ley de asociaciones religiosas<\/strong>\u00a0y<strong>\u00a0culto p\u00fablico<\/strong>, se encuentra vigente desde 1992, sin embargo, ha sido en el periodo administraci\u00f3n estatal del gobernador<strong>\u00a0Alfonso Durazo<\/strong>, que se ha puesto especial empe\u00f1o en la difusi\u00f3n de lo que comprende esta jurisprudencia.<\/p>\n<blockquote class=\"center\"><p>Con los gobiernos municipales y en mi caso con el gobierno del Estado, en esta ocasi\u00f3n estamos nosotros como coordinaci\u00f3n para difundir el tema de la\u00a0<strong>Ley de Asociaciones Religiosas<\/strong>\u00a0y<strong>\u00a0Culto P\u00fablico<\/strong>, la ley nace desde 1992, en todo este tiempo es por primera vez que se est\u00e1 atendiendo el tema ac\u00e1 en<strong>\u00a0Sonora<\/strong>, entonces para nosotros es muy importante visitar los municipios de todo el Estado de<strong>\u00a0Sonora<\/strong>\u00a0para impartir estas capacitaciones donde hablamos de derechos, obligaciones, de los ministros de culto, de las asociaciones religiosas, agrupaciones religiosas, pero tambi\u00e9n nos gusta invitar a los funcionarios de gobierno, ya que es un tema que est\u00e1 en pa\u00f1ales ac\u00e1 en<strong>\u00a0Sonora<\/strong>, hay que difundir, ese es el tema principal, mencion\u00f3 Marchena.<\/p><\/blockquote>\n<p>Coment\u00f3 en el estado ya son 10 los municipios que al igual que<strong>\u00a0Nogales<\/strong>, cuentan con una coordinaci\u00f3n municipal de asuntos religiosos, en donde los l\u00edderes de estas congregaciones pueden informarse directamente sobre las iniciativas que competen a esta actividad, as\u00ed como tramitar sus actas constitutivas como asociaciones religiosas que les dota de obligaciones y derechos ante la ley.<\/p>\n<blockquote class=\"center\"><p>Pues que existe una ley, que existe una ley que rige todo este tema religioso y que nosotros atendemos en esta oficina a todas las religiones, a todas las personas, a todos los ciudadanos que tienen una creencia religiosa, sabemos que como mexicanos tenemos<strong>\u00a0libertad de culto<\/strong>, tenemos libertad de conciencia y para nosotros es muy importante eso, eso, que los ciudadanos sepan que tienen libertad para estar practicando cualquier tipo de creencia que ellos, de su preferencia. Inclusive tambi\u00e9n debe haber respeto para las personas que no creen tambi\u00e9n, indic\u00f3.<\/p><\/blockquote>\n<p>En el evento se cont\u00f3 con la presencia del presidente municipal, Juan Gim<strong>\u00a0Nogales<\/strong>, la presidenta del DIF en la frontera Griselda Quintero, as\u00ed como el coordinador de asuntos religiosos en el Ayuntamiento Rodolfo Ba\u00f1uelos, adem\u00e1s de funcionarios de la actual administraci\u00f3n y los l\u00edderes de las congregaciones con presencia en nuestra ciudad.<\/p>\n<p>&nbsp;<\/p>\n<p>Diario de Nogales<\/p>\n","protected":false},"excerpt":{"rendered":"<p>Obedeciendo al principio de m\u00e1xima publicidad a la carta magna de nuestro estado de\u00a0Sonora,\u00a0la direcci\u00f3n estatal de\u00a0Asuntos Religiosos, promueve acciones en la\u00a0frontera\u00a0de\u00a0Nogales, Sonora,\u00a0para que todos los que forman parte de congregaciones y cultos en el municipio, conozcan sus derechos y obligaciones, as\u00ed como los funcionarios del\u00a0Ayuntamiento de\u00a0Nogales quienes tienen contacto directo con los miembros de [&hellip;]<\/p>\n","protected":false},"author":2,"featured_media":0,"comment_status":"closed","ping_status":"closed","sticky":false,"template":"","format":"standard","meta":{"footnotes":""},"categories":[12870,174],"tags":[12865,12873],"class_list":["post-216019","post","type-post","status-publish","format-standard","hentry","category-destacadas","category-estatal","tag-destacadas","tag-estatal"],"jetpack_featured_media_url":"","amp_enabled":true,"_links":{"self":[{"href":"https:\/\/rnoticias.com.mx\/Portal\/wp-json\/wp\/v2\/posts\/216019","targetHints":{"allow":["GET"]}}],"collection":[{"href":"https:\/\/rnoticias.com.mx\/Portal\/wp-json\/wp\/v2\/posts"}],"about":[{"href":"https:\/\/rnoticias.com.mx\/Portal\/wp-json\/wp\/v2\/types\/post"}],"author":[{"embeddable":true,"href":"https:\/\/rnoticias.com.mx\/Portal\/wp-json\/wp\/v2\/users\/2"}],"replies":[{"embeddable":true,"href":"https:\/\/rnoticias.com.mx\/Portal\/wp-json\/wp\/v2\/comments?post=216019"}],"version-history":[{"count":1,"href":"https:\/\/rnoticias.com.mx\/Portal\/wp-json\/wp\/v2\/posts\/216019\/revisions"}],"predecessor-version":[{"id":216021,"href":"https:\/\/rnoticias.com.mx\/Portal\/wp-json\/wp\/v2\/posts\/216019\/revisions\/216021"}],"wp:attachment":[{"href":"https:\/\/rnoticias.com.mx\/Portal\/wp-json\/wp\/v2\/media?parent=216019"}],"wp:term":[{"taxonomy":"category","embeddable":true,"href":"https:\/\/rnoticias.com.mx\/Portal\/wp-json\/wp\/v2\/categories?post=216019"},{"taxonomy":"post_tag","embeddable":true,"href":"https:\/\/rnoticias.com.mx\/Portal\/wp-json\/wp\/v2\/tags?post=216019"}],"curies":[{"name":"wp","href":"https:\/\/api.w.org\/{rel}","templated":true}]}}