{"id":216016,"date":"2025-04-24T16:53:32","date_gmt":"2025-04-24T16:53:32","guid":{"rendered":"https:\/\/rnoticias.com.mx\/Portal\/?p=216016"},"modified":"2025-04-24T16:53:32","modified_gmt":"2025-04-24T16:53:32","slug":"abriran-mas-de-200-lugares-en-universidad-del-pueblo-yaqui","status":"publish","type":"post","link":"https:\/\/rnoticias.com.mx\/Portal\/2025\/04\/24\/abriran-mas-de-200-lugares-en-universidad-del-pueblo-yaqui\/","title":{"rendered":"Abrir\u00e1n m\u00e1s de 200 lugares en Universidad del Pueblo Yaqui"},"content":{"rendered":"<p>Doscientos cuarenta y seis j\u00f3venes quedaron enlistados en los\u00a0<strong>prerregistros<\/strong>\u00a0en l\u00ednea de la\u00a0<strong>Universidad del Pueblo Yaqui,<\/strong>\u00a0pero el n\u00famero total de\u00a0<strong>alumnos<\/strong>\u00a0se definir\u00e1 luego de una evaluaci\u00f3n diagnostica, inform\u00f3 Leticia Nocamea Matus.<\/p>\n<p>La directora de Vinculaci\u00f3n y Extensi\u00f3n de la instituci\u00f3n de nivel superior especific\u00f3 que lo anterior tiene como objetivo conocer los niveles de conocimiento de los estudiantes y, a partir de ah\u00ed, elaborar la planeaci\u00f3n de estudios m\u00e1s conveniente.<\/p>\n<p>Dijo que la instituci\u00f3n educativa tiene capacidad para recibir a m\u00e1s de 200 personas; sin embargo, en la\u00a0<strong>carrera<\/strong>\u00a0de\u00a0<strong>Salud y Medicina<\/strong>\u00a0seleccionar\u00e1n a 25\u00a0<strong>alumnos<\/strong>\u00a0debido al cupo limitado para el uso del laboratorio.<\/p>\n<p>Despu\u00e9s de conocer el nivel de estudios de los aspirantes, mencion\u00f3 que seguir\u00e1 la etapa de\u00a0<strong>inscripci\u00f3n<\/strong>\u00a0para las\u00a0<strong>licenciaturas<\/strong>\u00a0de\u00a0<strong>Salud<\/strong>\u00a0y Medicina, Derecho, Educaci\u00f3n e Ingenier\u00eda en Producci\u00f3n.<\/p>\n<p>La gran mayor\u00eda de los\u00a0<strong>alumnos<\/strong>\u00a0de\u00a0<strong>nuevo ingreso<\/strong>, coment\u00f3, son habitantes de V\u00edcam, P\u00f3tam, pueblos que concentran la mayor cantidad de poblaci\u00f3n de la Tribu Yaqui.<\/p>\n<p>&#8220;Tenemos una captaci\u00f3n de toda la regi\u00f3n, desde Las Gu\u00e1simas hasta Ciudad Obreg\u00f3n, Pueblo Yaqui, San Ignacio R\u00edo Muerto, Bah\u00eda de Lobos y las comunidades yaquis de la zona&#8221;, coment\u00f3.<\/p>\n<p>Para no olvidar el origen de la naci\u00f3n yaqui, coment\u00f3 que cuentan con la materia extracurricular denominada &#8220;A<strong>rtes<\/strong>\u00a0y O<strong>ficios&#8221;<\/strong>, donde ofrecen talleres de danza y canto tradicional, lengua yaqui e ingl\u00e9s.<\/p>\n<p>Tambi\u00e9n ense\u00f1an a los\u00a0<strong>alumnos<\/strong>\u00a0a preparar\u00a0<strong>pan<\/strong>, adem\u00e1s de impartir\u00a0<strong>cursos<\/strong>\u00a0de Excel y costura en la u<strong>niversidad.<\/strong>\u00a0Las clases y la estancia dentro de la instituci\u00f3n no tienen ning\u00fan costo; por lo tanto, el \u00fanico requisito es comprometerse a tener buen desempe\u00f1o y aprovechamiento acad\u00e9mico.<\/p>\n<p>De acuerdo a Nocamea Matus, para ingresar a la\u00a0<strong>Universidad<\/strong>\u00a0del Pueblo Yaqui no hay l\u00edmite de\u00a0<strong>edad<\/strong>, porque la instituci\u00f3n tiene un enfoque\u00a0<strong>inclusivo<\/strong>\u00a0y humanista.<\/p>\n<p>&nbsp;<\/p>\n<p>Diario del Yaqui<\/p>\n","protected":false},"excerpt":{"rendered":"<p>Doscientos cuarenta y seis j\u00f3venes quedaron enlistados en los\u00a0prerregistros\u00a0en l\u00ednea de la\u00a0Universidad del Pueblo Yaqui,\u00a0pero el n\u00famero total de\u00a0alumnos\u00a0se definir\u00e1 luego de una evaluaci\u00f3n diagnostica, inform\u00f3 Leticia Nocamea Matus. La directora de Vinculaci\u00f3n y Extensi\u00f3n de la instituci\u00f3n de nivel superior especific\u00f3 que lo anterior tiene como objetivo conocer los niveles de conocimiento de los [&hellip;]<\/p>\n","protected":false},"author":2,"featured_media":216017,"comment_status":"closed","ping_status":"closed","sticky":false,"template":"","format":"standard","meta":{"footnotes":""},"categories":[12870,174],"tags":[12865,12873],"class_list":["post-216016","post","type-post","status-publish","format-standard","has-post-thumbnail","hentry","category-destacadas","category-estatal","tag-destacadas","tag-estatal"],"jetpack_featured_media_url":"https:\/\/rnoticias.com.mx\/Portal\/wp-content\/uploads\/2025\/04\/0823188b.jpeg","amp_enabled":true,"_links":{"self":[{"href":"https:\/\/rnoticias.com.mx\/Portal\/wp-json\/wp\/v2\/posts\/216016","targetHints":{"allow":["GET"]}}],"collection":[{"href":"https:\/\/rnoticias.com.mx\/Portal\/wp-json\/wp\/v2\/posts"}],"about":[{"href":"https:\/\/rnoticias.com.mx\/Portal\/wp-json\/wp\/v2\/types\/post"}],"author":[{"embeddable":true,"href":"https:\/\/rnoticias.com.mx\/Portal\/wp-json\/wp\/v2\/users\/2"}],"replies":[{"embeddable":true,"href":"https:\/\/rnoticias.com.mx\/Portal\/wp-json\/wp\/v2\/comments?post=216016"}],"version-history":[{"count":1,"href":"https:\/\/rnoticias.com.mx\/Portal\/wp-json\/wp\/v2\/posts\/216016\/revisions"}],"predecessor-version":[{"id":216018,"href":"https:\/\/rnoticias.com.mx\/Portal\/wp-json\/wp\/v2\/posts\/216016\/revisions\/216018"}],"wp:featuredmedia":[{"embeddable":true,"href":"https:\/\/rnoticias.com.mx\/Portal\/wp-json\/wp\/v2\/media\/216017"}],"wp:attachment":[{"href":"https:\/\/rnoticias.com.mx\/Portal\/wp-json\/wp\/v2\/media?parent=216016"}],"wp:term":[{"taxonomy":"category","embeddable":true,"href":"https:\/\/rnoticias.com.mx\/Portal\/wp-json\/wp\/v2\/categories?post=216016"},{"taxonomy":"post_tag","embeddable":true,"href":"https:\/\/rnoticias.com.mx\/Portal\/wp-json\/wp\/v2\/tags?post=216016"}],"curies":[{"name":"wp","href":"https:\/\/api.w.org\/{rel}","templated":true}]}}