{"id":216013,"date":"2025-04-24T16:52:04","date_gmt":"2025-04-24T16:52:04","guid":{"rendered":"https:\/\/rnoticias.com.mx\/Portal\/?p=216013"},"modified":"2025-04-24T18:36:36","modified_gmt":"2025-04-24T18:36:36","slug":"gran-afluencia-y-cero-incidentes-marcaron-la-semana-santa-2025-en-navojoa","status":"publish","type":"post","link":"https:\/\/rnoticias.com.mx\/Portal\/2025\/04\/24\/gran-afluencia-y-cero-incidentes-marcaron-la-semana-santa-2025-en-navojoa\/","title":{"rendered":"Gran afluencia y cero incidentes marcaron la Semana Santa 2025 en Navojoa"},"content":{"rendered":"<p>Este a\u00f1o, la\u00a0<strong><a title=\"Semana Santa\" href=\"https:\/\/diariodelyaqui.mx\/sonora\/semana-santa-tranquila-en-navojoa-no-hubo-accidentes\/107005\" target=\"_blank\" rel=\"noopener\">Semana Santa<\/a><\/strong><a title=\" en Navojoa\" href=\"https:\/\/diariodelyaqui.mx\/sonora\/semana-santa-tranquila-en-navojoa-no-hubo-accidentes\/107005\" target=\"_blank\" rel=\"noopener\">\u00a0en\u00a0<strong>Navojoa<\/strong><\/a>\u00a0se desarroll\u00f3 con un\u00a0<strong>saldo blanco<\/strong>, destac\u00e1ndose por la\u00a0<strong>seguridad<\/strong>\u00a0y la gran participaci\u00f3n de la ciudadan\u00eda.<\/p>\n<p>Durante esta festividad,\u00a0<a title=\"el municipio recibi\u00f3 a m\u00e1s de 52 mil personas\" href=\"https:\/\/diariodelyaqui.mx\/sonora\/semana-santa-dejo-buenas-ventas-en-el-mercado-de-navojoa\/107164\" target=\"_blank\" rel=\"noopener\">el municipio recibi\u00f3 a m\u00e1s de 52 mil\u00a0<strong>personas<\/strong><\/a>, quienes disfrutaron de los diversos\u00a0<strong>eventos<\/strong>\u00a0organizados por la administraci\u00f3n del\u00a0<strong>presidente municipal<\/strong>, Jorge Alberto D\u00edaz Retes.<\/p>\n<p>El \u00e9xito de las\u00a0<strong>actividades<\/strong>\u00a0y la\u00a0<strong>seguridad<\/strong>\u00a0de los asistentes fue posible gracias a la\u00a0<strong>colaboraci\u00f3n<\/strong>\u00a0estrecha del Comit\u00e9 Municipal de Protecci\u00f3n Civil, la Secretar\u00eda de Seguridad P\u00fablica de\u00a0<strong>Navojoa<\/strong>, la Guardia Nacional, Polic\u00eda Estatal, el DIF Municipal y otras dependencias del gobierno local, que trabajaron de manera coordinada para garantizar el bienestar de los navojoenses y sus visitantes.<\/p>\n<p>El\u00a0<strong>alcalde<\/strong>\u00a0reconoci\u00f3 el\u00a0<strong>trabajo en equipo<\/strong>\u00a0de las distintas dependencias y el apoyo de la ciudadan\u00eda, lo que permiti\u00f3 disfrutar de una\u00a0<strong>Semana Santa<\/strong>\u00a0tranquila.<\/p>\n<p>\u201cAgradezco a todos quienes estuvieron involucrados en la <strong>organizaci\u00f3n<\/strong>\u00a0y\u00a0<strong>vigilancia<\/strong>\u00a0de los\u00a0<strong>eventos<\/strong>. Este a\u00f1o logramos que 52 mil 281\u00a0<strong>personas<\/strong>\u00a0disfrutaran de las\u00a0<strong>actividades<\/strong>\u00a0con total\u00a0<strong>seguridad<\/strong>\u201d, expres\u00f3 el\u00a0<strong>presidente municipal,<\/strong>\u00a0Jorge Alberto D\u00edaz Retes.<\/p>\n<h2>AS\u00cd SE VIVI\u00d3 LA\u00a0<strong>SEMANA SANTA EN NAVOJOA<\/strong><\/h2>\n<p>El\u00a0<strong>Parque Acu\u00e1tico<\/strong>\u00a0del DIF fue uno de los principales atractivos, con una asistencia de 22 mil 997\u00a0<strong>personas<\/strong>, mientras que en el\u00a0<strong>R\u00edo Mayo<\/strong>\u00a0se registraron 22 mil 109 asistentes. Adem\u00e1s, las tradicionales\u00a0<strong>fiestas cuaresmales<\/strong>\u00a0de\u00a0<strong>Pueblo Viejo<\/strong>\u00a0fueron disfrutadas por 7 mil\u00a0<strong>personas<\/strong>, consolidando a\u00a0<strong>Navojoa<\/strong>\u00a0como un destino atractivo para los turistas y un lugar ideal para el descanso y la convivencia familiar.<\/p>\n<p>El Gobierno Municipal tambi\u00e9n destac\u00f3 la participaci\u00f3n de los\u00a0<strong>servidores p\u00fablicos<\/strong>, cuyo esfuerzo y dedicaci\u00f3n fueron clave para que los\u00a0<strong>eventos<\/strong>\u00a0se desarrollaran sin incidentes. \u201cGracias a todos los\u00a0<strong>servidores p\u00fablicos<\/strong>\u00a0que hicieron posible que tanto los navojoenses como los visitantes pudieran disfrutar de todos nuestros atractivos con tranquilidad\u201d, agreg\u00f3 D\u00edaz Retes.<\/p>\n<p>Con un\u00a0<strong>balance positivo<\/strong>,\u00a0<strong>Navojoa<\/strong>\u00a0cierra la\u00a0<strong>Semana Santa<\/strong>\u00a02025 con la satisfacci\u00f3n de haber ofrecido a la poblaci\u00f3n un espacio seguro y lleno de\u00a0<strong>actividades<\/strong>\u00a0recreativas que contribuyeron al bienestar de la comunidad. El municipio reafirma su compromiso con la\u00a0<strong>seguridad<\/strong>\u00a0y la calidad de vida de sus habitantes y contin\u00faa trabajando para hacer de cada evento un \u00e9xito rotundo.<\/p>\n<p>&nbsp;<\/p>\n<p>Diario del Yaqui<\/p>\n","protected":false},"excerpt":{"rendered":"<p>Este a\u00f1o, la\u00a0Semana Santa\u00a0en\u00a0Navojoa\u00a0se desarroll\u00f3 con un\u00a0saldo blanco, destac\u00e1ndose por la\u00a0seguridad\u00a0y la gran participaci\u00f3n de la ciudadan\u00eda. Durante esta festividad,\u00a0el municipio recibi\u00f3 a m\u00e1s de 52 mil\u00a0personas, quienes disfrutaron de los diversos\u00a0eventos\u00a0organizados por la administraci\u00f3n del\u00a0presidente municipal, Jorge Alberto D\u00edaz Retes. El \u00e9xito de las\u00a0actividades\u00a0y la\u00a0seguridad\u00a0de los asistentes fue posible gracias a la\u00a0colaboraci\u00f3n\u00a0estrecha del Comit\u00e9 [&hellip;]<\/p>\n","protected":false},"author":2,"featured_media":216041,"comment_status":"closed","ping_status":"closed","sticky":false,"template":"","format":"standard","meta":{"footnotes":""},"categories":[12870,174],"tags":[12865,12873],"class_list":["post-216013","post","type-post","status-publish","format-standard","has-post-thumbnail","hentry","category-destacadas","category-estatal","tag-destacadas","tag-estatal"],"jetpack_featured_media_url":"https:\/\/rnoticias.com.mx\/Portal\/wp-content\/uploads\/2025\/04\/Imagen-de-WhatsApp-2025-04-09-a-las-14.12.01_edee0680.jpg","amp_enabled":true,"_links":{"self":[{"href":"https:\/\/rnoticias.com.mx\/Portal\/wp-json\/wp\/v2\/posts\/216013","targetHints":{"allow":["GET"]}}],"collection":[{"href":"https:\/\/rnoticias.com.mx\/Portal\/wp-json\/wp\/v2\/posts"}],"about":[{"href":"https:\/\/rnoticias.com.mx\/Portal\/wp-json\/wp\/v2\/types\/post"}],"author":[{"embeddable":true,"href":"https:\/\/rnoticias.com.mx\/Portal\/wp-json\/wp\/v2\/users\/2"}],"replies":[{"embeddable":true,"href":"https:\/\/rnoticias.com.mx\/Portal\/wp-json\/wp\/v2\/comments?post=216013"}],"version-history":[{"count":1,"href":"https:\/\/rnoticias.com.mx\/Portal\/wp-json\/wp\/v2\/posts\/216013\/revisions"}],"predecessor-version":[{"id":216015,"href":"https:\/\/rnoticias.com.mx\/Portal\/wp-json\/wp\/v2\/posts\/216013\/revisions\/216015"}],"wp:featuredmedia":[{"embeddable":true,"href":"https:\/\/rnoticias.com.mx\/Portal\/wp-json\/wp\/v2\/media\/216041"}],"wp:attachment":[{"href":"https:\/\/rnoticias.com.mx\/Portal\/wp-json\/wp\/v2\/media?parent=216013"}],"wp:term":[{"taxonomy":"category","embeddable":true,"href":"https:\/\/rnoticias.com.mx\/Portal\/wp-json\/wp\/v2\/categories?post=216013"},{"taxonomy":"post_tag","embeddable":true,"href":"https:\/\/rnoticias.com.mx\/Portal\/wp-json\/wp\/v2\/tags?post=216013"}],"curies":[{"name":"wp","href":"https:\/\/api.w.org\/{rel}","templated":true}]}}