{"id":215828,"date":"2025-04-23T15:33:27","date_gmt":"2025-04-23T15:33:27","guid":{"rendered":"https:\/\/rnoticias.com.mx\/Portal\/?p=215828"},"modified":"2025-04-23T15:33:27","modified_gmt":"2025-04-23T15:33:27","slug":"enrique-bunbury-no-piensa-en-el-retiro","status":"publish","type":"post","link":"https:\/\/rnoticias.com.mx\/Portal\/2025\/04\/23\/enrique-bunbury-no-piensa-en-el-retiro\/","title":{"rendered":"Enrique Bunbury no piensa en el retiro"},"content":{"rendered":"<p>Enrique Bunbury ni se siente fuera de lugar\u00a0<strong>ni se despide de los escenarios<\/strong>; por el contrario, a dos d\u00e9cadas de haber iniciado su camino como solista, el m\u00fasico espa\u00f1ol asegura que a\u00fan tiene voz y muchas cosas que decir.<\/p>\n<p><strong><em>\u201cEstoy todav\u00eda en ese momento creativo. No siento que haya llegado a una meta donde diga \u2018hasta aqu\u00ed fue mi momento de creaci\u00f3n\u2019\u201d,<\/em><\/strong>\u00a0dijo en conferencia de prensa.<\/p>\n<p>Y es que, en una industria que, actualmente, apremia la inmediatez y las tendencias, por encima de la experiencia; el cantante quiere demostrar que los\u00a0<strong>\u201cadultos<\/strong>\u201d a\u00fan tienen mucho camino que recorrer.<\/p>\n<div id=\"eldia-1204122100\" class=\"eldia-contenido eldia-target\" data-eldia-trackid=\"1573641\" data-eldia-trackbid=\"1\"><\/div>\n<p><strong><em>\u201cMe rebelo contra esas frases hechas de la industria que dictan c\u00f3mo debe ser el camino de un artista: que si ya no se hacen discos, que si todo debe ser sencillo tras sencillo\u2026 me interesa seguir creando y demostrar que los artistas adultos tienen cosas relevantes que decir\u201d<\/em><\/strong>, agreg\u00f3.<\/p>\n<p>Aunque sabe que los tiempos son diferentes, el int\u00e9rprete de\u00a0<strong>Lady blue\u00a0<\/strong>prefiere la vieja escuela, los discos f\u00edsicos, los procesos creativos largos y los escenarios, pero de manera selecta. No es nostalgia, es elecci\u00f3n.<\/p>\n<p>Bunbury se prepara para ofrecer tres \u00fanicas fechas en tres diferentes ciudades, para reencontrarse con sus fans. En la<strong>\u00a0CDMX se presentar\u00e1 el pr\u00f3ximo 25 de junio en el Estadio GNP.<\/strong><\/p>\n<p>&nbsp;<\/p>\n<p>El Universal<\/p>\n","protected":false},"excerpt":{"rendered":"<p>Enrique Bunbury ni se siente fuera de lugar\u00a0ni se despide de los escenarios; por el contrario, a dos d\u00e9cadas de haber iniciado su camino como solista, el m\u00fasico espa\u00f1ol asegura que a\u00fan tiene voz y muchas cosas que decir. \u201cEstoy todav\u00eda en ese momento creativo. No siento que haya llegado a una meta donde diga [&hellip;]<\/p>\n","protected":false},"author":2,"featured_media":215829,"comment_status":"closed","ping_status":"closed","sticky":false,"template":"","format":"standard","meta":{"footnotes":""},"categories":[12870,219],"tags":[12865,12875],"class_list":["post-215828","post","type-post","status-publish","format-standard","has-post-thumbnail","hentry","category-destacadas","category-espectaculos","tag-destacadas","tag-espectaculos"],"jetpack_featured_media_url":"https:\/\/rnoticias.com.mx\/Portal\/wp-content\/uploads\/2025\/04\/WhatsApp-Image-2025-04-21-at-6.47.16-PM-3.jpeg","amp_enabled":true,"_links":{"self":[{"href":"https:\/\/rnoticias.com.mx\/Portal\/wp-json\/wp\/v2\/posts\/215828","targetHints":{"allow":["GET"]}}],"collection":[{"href":"https:\/\/rnoticias.com.mx\/Portal\/wp-json\/wp\/v2\/posts"}],"about":[{"href":"https:\/\/rnoticias.com.mx\/Portal\/wp-json\/wp\/v2\/types\/post"}],"author":[{"embeddable":true,"href":"https:\/\/rnoticias.com.mx\/Portal\/wp-json\/wp\/v2\/users\/2"}],"replies":[{"embeddable":true,"href":"https:\/\/rnoticias.com.mx\/Portal\/wp-json\/wp\/v2\/comments?post=215828"}],"version-history":[{"count":1,"href":"https:\/\/rnoticias.com.mx\/Portal\/wp-json\/wp\/v2\/posts\/215828\/revisions"}],"predecessor-version":[{"id":215830,"href":"https:\/\/rnoticias.com.mx\/Portal\/wp-json\/wp\/v2\/posts\/215828\/revisions\/215830"}],"wp:featuredmedia":[{"embeddable":true,"href":"https:\/\/rnoticias.com.mx\/Portal\/wp-json\/wp\/v2\/media\/215829"}],"wp:attachment":[{"href":"https:\/\/rnoticias.com.mx\/Portal\/wp-json\/wp\/v2\/media?parent=215828"}],"wp:term":[{"taxonomy":"category","embeddable":true,"href":"https:\/\/rnoticias.com.mx\/Portal\/wp-json\/wp\/v2\/categories?post=215828"},{"taxonomy":"post_tag","embeddable":true,"href":"https:\/\/rnoticias.com.mx\/Portal\/wp-json\/wp\/v2\/tags?post=215828"}],"curies":[{"name":"wp","href":"https:\/\/api.w.org\/{rel}","templated":true}]}}