{"id":215705,"date":"2025-04-22T19:01:23","date_gmt":"2025-04-22T19:01:23","guid":{"rendered":"https:\/\/rnoticias.com.mx\/Portal\/?p=215705"},"modified":"2025-04-22T19:01:23","modified_gmt":"2025-04-22T19:01:23","slug":"hermosillo-la-capital-que-mas-ha-disminuido-la-percepcion-de-inseguridad-en-mexico","status":"publish","type":"post","link":"https:\/\/rnoticias.com.mx\/Portal\/2025\/04\/22\/hermosillo-la-capital-que-mas-ha-disminuido-la-percepcion-de-inseguridad-en-mexico\/","title":{"rendered":"Hermosillo, la capital que m\u00e1s ha disminuido la percepci\u00f3n de inseguridad en M\u00e9xico"},"content":{"rendered":"<p><b data-olk-copy-source=\"MessageBody\">Hermosillo, Sonora; 22 abril, 2025.-<\/b>\u00a0Derivado de la estrategia integral de seguridad en coordinaci\u00f3n con los distintos niveles de gobierno, Hermosillo es la capital del pa\u00eds que m\u00e1s ha logrado reducir la percepci\u00f3n de inseguridad con un 20.6% de acuerdo con la Encuesta Nacional de Seguridad P\u00fablica Urbana (ENSU) que el INEGI p\u00fablica.<\/p>\n<p aria-hidden=\"true\">\n<p>La medici\u00f3n indica que de septiembre del 2021 a marzo del 2025 Hermosillo redujo un 20.6% la percepci\u00f3n de inseguridad ubic\u00e1ndola en la ciudad capital que m\u00e1s ha bajado este porcentaje seguido de Ciudad Victoria, Tamaulipas en segundo lugar y Xalapa, Veracruz en tercero.<\/p>\n<p aria-hidden=\"true\">\n<p>En ese sentido el presidente municipal Antonio Astiazar\u00e1n refrend\u00f3 el compromiso de continuar implementando acciones en conjunto con el Estado y la Federaci\u00f3n, que permitan fortalecer la seguridad en una ciudad que cuenta con 280 patrullas el\u00e9ctricas, 19 Centros de Respuesta Inmediata en las colonias y capacitaci\u00f3n a sus elementos policiales, por mencionar parte de las estrategias.<\/p>\n<p aria-hidden=\"true\">\n<p>\u201cReforzamos el compromiso de seguir avanzando a favor de la seguridad en la ciudadan\u00eda con acciones como patrullas el\u00e9ctricas amigables con el medio ambiente, Centros de Respuesta Inmediata en las colonias y capacitaci\u00f3n a nuestros polic\u00edas\u201d, agreg\u00f3.<\/p>\n<p aria-hidden=\"true\">\n<p>Adem\u00e1s de la notable disminuci\u00f3n en percepci\u00f3n de inseguridad, la ENSU reporta que un 54.5% de la ciudadan\u00eda manifest\u00f3 confianza en la Polic\u00eda Municipal, reflejo de la consolidaci\u00f3n de una corporaci\u00f3n que se ha fortalecido gracias a la inversi\u00f3n hist\u00f3rica en equipamiento, capacitaci\u00f3n y tecnolog\u00eda.<\/p>\n<p aria-hidden=\"true\">\n<p>Hermosillo es hoy una ciudad que muestra resultados hist\u00f3ricos en materia de seguridad y dichos resultados derivan tanto de equipamiento, capacitaci\u00f3n de elementos como la corresponsabilidad de la ciudadan\u00eda a trav\u00e9s de los Comit\u00e9s CRECES.<\/p>\n<p aria-hidden=\"true\">\n<p>El Gobierno Municipal reitera su compromiso de mantener y reforzar las acciones que han permitido avanzar hacia un Hermosillo m\u00e1s seguro, moderno y con espacios p\u00fablicos en los que las familias puedan convivir y desarrollarse en paz.<\/p>\n","protected":false},"excerpt":{"rendered":"<p>Hermosillo, Sonora; 22 abril, 2025.-\u00a0Derivado de la estrategia integral de seguridad en coordinaci\u00f3n con los distintos niveles de gobierno, Hermosillo es la capital del pa\u00eds que m\u00e1s ha logrado reducir la percepci\u00f3n de inseguridad con un 20.6% de acuerdo con la Encuesta Nacional de Seguridad P\u00fablica Urbana (ENSU) que el INEGI p\u00fablica. La medici\u00f3n indica [&hellip;]<\/p>\n","protected":false},"author":2,"featured_media":215706,"comment_status":"closed","ping_status":"closed","sticky":false,"template":"","format":"standard","meta":{"footnotes":""},"categories":[12870,178],"tags":[12865,12869],"class_list":["post-215705","post","type-post","status-publish","format-standard","has-post-thumbnail","hentry","category-destacadas","category-local","tag-destacadas","tag-local"],"jetpack_featured_media_url":"https:\/\/rnoticias.com.mx\/Portal\/wp-content\/uploads\/2025\/04\/Hermosillo-la-capital-que-mas-ha-disminuido-la-percepcion-de-inseguridad-en-Mexico-scaled.jpg","amp_enabled":true,"_links":{"self":[{"href":"https:\/\/rnoticias.com.mx\/Portal\/wp-json\/wp\/v2\/posts\/215705","targetHints":{"allow":["GET"]}}],"collection":[{"href":"https:\/\/rnoticias.com.mx\/Portal\/wp-json\/wp\/v2\/posts"}],"about":[{"href":"https:\/\/rnoticias.com.mx\/Portal\/wp-json\/wp\/v2\/types\/post"}],"author":[{"embeddable":true,"href":"https:\/\/rnoticias.com.mx\/Portal\/wp-json\/wp\/v2\/users\/2"}],"replies":[{"embeddable":true,"href":"https:\/\/rnoticias.com.mx\/Portal\/wp-json\/wp\/v2\/comments?post=215705"}],"version-history":[{"count":1,"href":"https:\/\/rnoticias.com.mx\/Portal\/wp-json\/wp\/v2\/posts\/215705\/revisions"}],"predecessor-version":[{"id":215707,"href":"https:\/\/rnoticias.com.mx\/Portal\/wp-json\/wp\/v2\/posts\/215705\/revisions\/215707"}],"wp:featuredmedia":[{"embeddable":true,"href":"https:\/\/rnoticias.com.mx\/Portal\/wp-json\/wp\/v2\/media\/215706"}],"wp:attachment":[{"href":"https:\/\/rnoticias.com.mx\/Portal\/wp-json\/wp\/v2\/media?parent=215705"}],"wp:term":[{"taxonomy":"category","embeddable":true,"href":"https:\/\/rnoticias.com.mx\/Portal\/wp-json\/wp\/v2\/categories?post=215705"},{"taxonomy":"post_tag","embeddable":true,"href":"https:\/\/rnoticias.com.mx\/Portal\/wp-json\/wp\/v2\/tags?post=215705"}],"curies":[{"name":"wp","href":"https:\/\/api.w.org\/{rel}","templated":true}]}}