{"id":215702,"date":"2025-04-22T18:46:08","date_gmt":"2025-04-22T18:46:08","guid":{"rendered":"https:\/\/rnoticias.com.mx\/Portal\/?p=215702"},"modified":"2025-04-22T18:46:08","modified_gmt":"2025-04-22T18:46:08","slug":"gobierno-del-sonora-ofrecera-transporte-publico-especial-nocturno-durante-la-expogan","status":"publish","type":"post","link":"https:\/\/rnoticias.com.mx\/Portal\/2025\/04\/22\/gobierno-del-sonora-ofrecera-transporte-publico-especial-nocturno-durante-la-expogan\/","title":{"rendered":"Gobierno del Sonora ofrecer\u00e1 transporte p\u00fablico especial nocturno durante la ExpoGan"},"content":{"rendered":"<p>Hermosillo, Sonora; 22 de abril de 2025.- Con el objetivo de facilitar el traslado seguro y econ\u00f3mico de los asistentes a la ExpoGan Hermosillo 2025, el Gobierno de Sonora, a trav\u00e9s del Instituto de Movilidad y Transporte para el Estado de Sonora (IMTES), ofrecer\u00e1 servicio especial de transporte p\u00fablico nocturno del 30 de abril al 25 de mayo.<\/p>\n<p>Carlos Sosa Casta\u00f1eda, coordinador ejecutivo del Imtes, inform\u00f3 que se habilitar\u00e1n seis rutas con salida desde el recinto ferial en tres horarios: 10:30 pm, 12:30 am y 2:15 am, con recorridos que abarcar\u00e1n las principales zonas y colonias de la ciudad.<\/p>\n<p>\u201cEl prop\u00f3sito es reducir la carga vehicular y apoyar la econom\u00eda familiar\u201d, se\u00f1al\u00f3 el funcionario estatal.<\/p>\n<p>Por tratarse de transporte p\u00fablico y horarios especiales, el costo del pasaje a las diferentes colonias ser\u00e1 de 20 pesos por persona, solo efectivo, debido a que son unidades de servicio especial sin sistema de cobro electr\u00f3nico.<\/p>\n<p>Para garantizar un traslado seguro, se hace un llamado a las y los usuarios a seguir estas recomendaciones:<\/p>\n<p>\u2022 No abordar las unidades con bebidas alcoh\u00f3licas, sustancias prohibidas, cigarros o vapeadores.<\/p>\n<p>\u2022 Formar una fila ordenada al momento de subir, dando prioridad a ni\u00f1as, ni\u00f1os, personas adultas mayores y con discapacidad o movilidad limitada.<\/p>\n<p>\u2022 Evitar cruzar frente a las unidades.<\/p>\n","protected":false},"excerpt":{"rendered":"<p>Hermosillo, Sonora; 22 de abril de 2025.- Con el objetivo de facilitar el traslado seguro y econ\u00f3mico de los asistentes a la ExpoGan Hermosillo 2025, el Gobierno de Sonora, a trav\u00e9s del Instituto de Movilidad y Transporte para el Estado de Sonora (IMTES), ofrecer\u00e1 servicio especial de transporte p\u00fablico nocturno del 30 de abril al [&hellip;]<\/p>\n","protected":false},"author":2,"featured_media":215703,"comment_status":"closed","ping_status":"closed","sticky":false,"template":"","format":"standard","meta":{"footnotes":""},"categories":[12870,178],"tags":[12865,12869],"class_list":["post-215702","post","type-post","status-publish","format-standard","has-post-thumbnail","hentry","category-destacadas","category-local","tag-destacadas","tag-local"],"jetpack_featured_media_url":"https:\/\/rnoticias.com.mx\/Portal\/wp-content\/uploads\/2025\/04\/unnamed-1-43.jpg","amp_enabled":true,"_links":{"self":[{"href":"https:\/\/rnoticias.com.mx\/Portal\/wp-json\/wp\/v2\/posts\/215702","targetHints":{"allow":["GET"]}}],"collection":[{"href":"https:\/\/rnoticias.com.mx\/Portal\/wp-json\/wp\/v2\/posts"}],"about":[{"href":"https:\/\/rnoticias.com.mx\/Portal\/wp-json\/wp\/v2\/types\/post"}],"author":[{"embeddable":true,"href":"https:\/\/rnoticias.com.mx\/Portal\/wp-json\/wp\/v2\/users\/2"}],"replies":[{"embeddable":true,"href":"https:\/\/rnoticias.com.mx\/Portal\/wp-json\/wp\/v2\/comments?post=215702"}],"version-history":[{"count":1,"href":"https:\/\/rnoticias.com.mx\/Portal\/wp-json\/wp\/v2\/posts\/215702\/revisions"}],"predecessor-version":[{"id":215704,"href":"https:\/\/rnoticias.com.mx\/Portal\/wp-json\/wp\/v2\/posts\/215702\/revisions\/215704"}],"wp:featuredmedia":[{"embeddable":true,"href":"https:\/\/rnoticias.com.mx\/Portal\/wp-json\/wp\/v2\/media\/215703"}],"wp:attachment":[{"href":"https:\/\/rnoticias.com.mx\/Portal\/wp-json\/wp\/v2\/media?parent=215702"}],"wp:term":[{"taxonomy":"category","embeddable":true,"href":"https:\/\/rnoticias.com.mx\/Portal\/wp-json\/wp\/v2\/categories?post=215702"},{"taxonomy":"post_tag","embeddable":true,"href":"https:\/\/rnoticias.com.mx\/Portal\/wp-json\/wp\/v2\/tags?post=215702"}],"curies":[{"name":"wp","href":"https:\/\/api.w.org\/{rel}","templated":true}]}}