{"id":215699,"date":"2025-04-22T18:45:25","date_gmt":"2025-04-22T18:45:25","guid":{"rendered":"https:\/\/rnoticias.com.mx\/Portal\/?p=215699"},"modified":"2025-04-22T18:45:25","modified_gmt":"2025-04-22T18:45:25","slug":"mapa-hermosillo-solidario-busca-brindar-apoyo-a-familias-en-situacion-migratoria","status":"publish","type":"post","link":"https:\/\/rnoticias.com.mx\/Portal\/2025\/04\/22\/mapa-hermosillo-solidario-busca-brindar-apoyo-a-familias-en-situacion-migratoria\/","title":{"rendered":"Mapa Hermosillo Solidario busca brindar apoyo a familias en situaci\u00f3n migratoria"},"content":{"rendered":"<div class=\"x_elementToProof\" data-olk-copy-source=\"MessageBody\">Para fortalecer las redes de solidaridad local, visibilizar los servicios de asistencia disponibles y promover el ejercicio del derecho a la protecci\u00f3n y a la ciudad para las personas en tr\u00e1nsito o en contextos de vulnerabilidad, los integrantes del Seminario Ni\u00f1ez Migrante (SNM) de El Colegio de Sonora presentaron el Mapa Hermosillo Solidario.<\/div>\n<div data-olk-copy-source=\"MessageBody\"><\/div>\n<div class=\"x_elementToProof\">La coordinadora del SNM, la doctora Gloria Ciria Valdez Gardea se\u00f1al\u00f3 que se trata de una herramienta comunitaria dise\u00f1ada para orientar y acompa\u00f1ar a personas en situaci\u00f3n de movilidad \u2014en especial a ni\u00f1as, ni\u00f1os y adolescentes migrantes (NNA)\u2014 solicitantes de refugio o en espera de regularizaci\u00f3n a localizar espacios seguros en la ciudad.<\/div>\n<div><\/div>\n<div class=\"x_elementToProof\">Explic\u00f3 que el mapa re\u00fane m\u00e1s de 30 puntos estrat\u00e9gicos en Hermosillo en el que se muestran albergues, comedores comunitarios, servicios de emergencia e instituciones clave, adem\u00e1s se incluyen rutas de transporte p\u00fablico para acercarse a los lugares que necesiten, as\u00ed como tel\u00e9fonos de contacto.<\/div>\n<div><\/div>\n<div class=\"x_elementToProof\">El estudiante del programa de doctorado del Colson, Jes\u00fas Antonio Morales Qui\u00f1\u00f3nez, mencion\u00f3 que este mapa est\u00e1 pensado como un recurso de f\u00e1cil acceso que permita ubicar de forma clara y r\u00e1pida los espacios de atenci\u00f3n y apoyo. Adem\u00e1s, incorpora un c\u00f3digo QR que muestra informaci\u00f3n complementaria para las usuarias y los usuarios.<\/div>\n<div><\/div>\n<div class=\"x_elementToProof\">Este recurso se encuentra en formato digital y f\u00edsico, este \u00faltimo se entreg\u00f3 a personal que labora en instituciones como Oficina de Atenci\u00f3n a Migrantes, Congreso del Estado de Sonora, Sistema Nacional de Protecci\u00f3n Integral de Ni\u00f1as, Ni\u00f1os y Adolescentes (Sipinna), entre otros.<\/div>\n<div><\/div>\n<div class=\"x_elementToProof\">Consideran que esta herramienta es un ejemplo concreto de la incidencia e importancia del estudio de las Ciencias Sociales y c\u00f3mo el conocimiento cient\u00edfico y social puede generar productos de utilidad p\u00fablica que favorecen directamente a las necesidades de la comunidad.<\/div>\n<div><\/div>\n<div class=\"x_elementToProof\">Estuvieron presentes Reyes Alejandro Leyva, delegado en Sonora del Instituto Federal de Defensor\u00eda P\u00fablica; Mar\u00eda de Cruz Ju\u00e1rez, secretaria ejecutiva de la Comisi\u00f3n Estatal de Derechos Humanos en Sonora; Demi Gast\u00e9lum Barreras, presidenta de la Comisi\u00f3n de Derechos de la Ni\u00f1ez, Adolescentes y Juventudes en el Congreso del Estado de Sonora, as\u00ed como Carmen Luc\u00eda Mungu\u00eda, secretaria ejecutiva de Sipinna en Sonora.<\/div>\n<div><\/div>\n<div class=\"x_elementToProof\">Tambi\u00e9n acudi\u00f3 a esta presentaci\u00f3n Virginia Sabori, encargada de Movilidad Humana del DIF Sonora; Manuel Cons, encargado de la Oficina de Atenci\u00f3n a Migrantes, y Yadhira Aguirre, del Centro Comunitario Mar\u00eda Auxiliadora.<\/div>\n<div><\/div>\n<div class=\"x_elementToProof\">Si te interesa tener m\u00e1s informaci\u00f3n de este tema visita\u00a0<u><a id=\"OWA4630958c-abd2-c06a-ad02-03f6612168bc\" class=\"x_OWAAutoLink\" title=\"https:\/\/www.edutecmi.com\/hermosillo-solidario\" href=\"https:\/\/www.edutecmi.com\/hermosillo-solidario\" target=\"_blank\" rel=\"noopener noreferrer\" data-auth=\"NotApplicable\" data-linkindex=\"0\">Mapa Hermosillo Solidario<\/a><\/u><\/div>\n","protected":false},"excerpt":{"rendered":"<p>Para fortalecer las redes de solidaridad local, visibilizar los servicios de asistencia disponibles y promover el ejercicio del derecho a la protecci\u00f3n y a la ciudad para las personas en tr\u00e1nsito o en contextos de vulnerabilidad, los integrantes del Seminario Ni\u00f1ez Migrante (SNM) de El Colegio de Sonora presentaron el Mapa Hermosillo Solidario. La coordinadora [&hellip;]<\/p>\n","protected":false},"author":2,"featured_media":215700,"comment_status":"closed","ping_status":"closed","sticky":false,"template":"","format":"standard","meta":{"footnotes":""},"categories":[12870,178],"tags":[12865,12869],"class_list":["post-215699","post","type-post","status-publish","format-standard","has-post-thumbnail","hentry","category-destacadas","category-local","tag-destacadas","tag-local"],"jetpack_featured_media_url":"https:\/\/rnoticias.com.mx\/Portal\/wp-content\/uploads\/2025\/04\/web860-4.jpg","amp_enabled":true,"_links":{"self":[{"href":"https:\/\/rnoticias.com.mx\/Portal\/wp-json\/wp\/v2\/posts\/215699","targetHints":{"allow":["GET"]}}],"collection":[{"href":"https:\/\/rnoticias.com.mx\/Portal\/wp-json\/wp\/v2\/posts"}],"about":[{"href":"https:\/\/rnoticias.com.mx\/Portal\/wp-json\/wp\/v2\/types\/post"}],"author":[{"embeddable":true,"href":"https:\/\/rnoticias.com.mx\/Portal\/wp-json\/wp\/v2\/users\/2"}],"replies":[{"embeddable":true,"href":"https:\/\/rnoticias.com.mx\/Portal\/wp-json\/wp\/v2\/comments?post=215699"}],"version-history":[{"count":1,"href":"https:\/\/rnoticias.com.mx\/Portal\/wp-json\/wp\/v2\/posts\/215699\/revisions"}],"predecessor-version":[{"id":215701,"href":"https:\/\/rnoticias.com.mx\/Portal\/wp-json\/wp\/v2\/posts\/215699\/revisions\/215701"}],"wp:featuredmedia":[{"embeddable":true,"href":"https:\/\/rnoticias.com.mx\/Portal\/wp-json\/wp\/v2\/media\/215700"}],"wp:attachment":[{"href":"https:\/\/rnoticias.com.mx\/Portal\/wp-json\/wp\/v2\/media?parent=215699"}],"wp:term":[{"taxonomy":"category","embeddable":true,"href":"https:\/\/rnoticias.com.mx\/Portal\/wp-json\/wp\/v2\/categories?post=215699"},{"taxonomy":"post_tag","embeddable":true,"href":"https:\/\/rnoticias.com.mx\/Portal\/wp-json\/wp\/v2\/tags?post=215699"}],"curies":[{"name":"wp","href":"https:\/\/api.w.org\/{rel}","templated":true}]}}