{"id":215687,"date":"2025-04-22T17:45:20","date_gmt":"2025-04-22T17:45:20","guid":{"rendered":"https:\/\/rnoticias.com.mx\/Portal\/?p=215687"},"modified":"2025-04-22T17:45:20","modified_gmt":"2025-04-22T17:45:20","slug":"instala-ine-comite-de-transparencia","status":"publish","type":"post","link":"https:\/\/rnoticias.com.mx\/Portal\/2025\/04\/22\/instala-ine-comite-de-transparencia\/","title":{"rendered":"Instala INE Comit\u00e9 de Transparencia"},"content":{"rendered":"<p class=\"x_MsoNormal\"><span data-olk-copy-source=\"MessageBody\">El Instituto Nacional Electoral (INE) instal\u00f3 el Comit\u00e9 de Transparencia, a fin de garantizar el acceso a la informaci\u00f3n, as\u00ed como la rectificaci\u00f3n, cancelaci\u00f3n y oposici\u00f3n al tratamiento de datos personales.<\/span><\/p>\n<p class=\"x_MsoNormal\">\n<p class=\"x_MsoNormal\">En presencia de la Secretaria Ejecutiva, Claudia Arlett Espino y, de manera virtual, la Consejera Norma Irene De la Cruz Maga\u00f1a, la Consejera Rita Bell L\u00f3pez Vences, presidenta del Grupo de Trabajo en materia de Transparencia, declar\u00f3 formalmente instalado el Comit\u00e9.<\/p>\n<p class=\"x_MsoNormal\">\n<p class=\"x_MsoNormal\">La presidencia estar\u00e1 a cargo del Encargado del Despacho de la Direcci\u00f3n Jur\u00eddica, Juan Manuel V\u00e1zquez Barajas. El secretario t\u00e9cnico ser\u00e1 el Encargado del Despacho de la Direcci\u00f3n de Acceso a la Informaci\u00f3n y Protecci\u00f3n de Datos Personales, Roberto Carlos de la Cruz de los Santos, adem\u00e1s de que el Titular de la Unidad T\u00e9cnica de Transparencia y Protecci\u00f3n de Datos Personales, Jos\u00e9 Luis Ar\u00e9valo Romo y el Asesor de la Secretar\u00eda Ejecutiva, Sergio Vitaly T\u00e9llez Pe\u00f1a, quedar\u00e1n como integrantes.<\/p>\n<p class=\"x_MsoNormal\">\n<p class=\"x_MsoNormal\">Durante la instalaci\u00f3n del Comit\u00e9, la Consejera L\u00f3pez Vences se\u00f1al\u00f3 que, \u201ccon ello, el INE cumple con el compromiso de seguir fomentando la toma de conciencia sobre la importancia de garantizar el derecho de acceso a la informaci\u00f3n, a la transparencia, a la protecci\u00f3n de datos personales y a la gesti\u00f3n documental\u201d.<\/p>\n<p class=\"x_MsoNormal\">\n<p class=\"x_MsoNormal\">Refiri\u00f3 que el pasado 19 de abril, el Consejo General aprob\u00f3 reformas a los reglamentos interior, en materia de transparencia, acceso a la informaci\u00f3n p\u00fablica y, en materia de protecci\u00f3n de datos personales derivado del decreto de reforma publicado en el Diario Oficial de la Federaci\u00f3n, el pasado 20 de marzo de 2025, por lo que es necesario redoblar esfuerzos a fin de armonizar el marco normativo interno a las leyes generales en la materia, as\u00ed como su aplicaci\u00f3n.<\/p>\n<p class=\"x_MsoNormal\">\n<p class=\"x_MsoNormal\">Por su parte, la Secretaria Ejecutiva, Claudia Arlett Espino mencion\u00f3 que se realiz\u00f3 un an\u00e1lisis \u201cpara hacer las reformas que eran necesarias para esta nueva integraci\u00f3n en materia de transparencia, con dos \u00f3rganos garantes en el Instituto Nacional Electoral: uno llevado a cabo por el \u00d3rgano Interno de Control y otro que estar\u00e1 en la tem\u00e1tica de transparencia para los partidos pol\u00edticos, que tiene diferentes facetas, una de ellas, es justamente \u00e9sta, del Comit\u00e9 de Transparencia\u201d.<\/p>\n<p class=\"x_MsoNormal\">\n<p class=\"x_MsoNormal\">Conforme a lo previsto en la fracci\u00f3n primera del art\u00edculo 20 y fracci\u00f3n primera del art\u00edculo 39 de la Ley General de Transparencia y Acceso a la Informaci\u00f3n P\u00fablica, y el 77 de la Ley General de Protecci\u00f3n de Datos Personales en Posesi\u00f3n de Sujetos Obligados, cada sujeto obligado integrar\u00e1 un Comit\u00e9 de Transparencia.<\/p>\n<p class=\"x_MsoNormal\">\n<p class=\"x_MsoNormal\">El Comit\u00e9 de Transparencia del INE asume atribuciones para dar continuidad y regularidad a la sustanciaci\u00f3n de los asuntos relacionados con solicitudes de acceso a la informaci\u00f3n y de datos personales recibidas a partir del 21 de marzo de 2025.<\/p>\n","protected":false},"excerpt":{"rendered":"<p>El Instituto Nacional Electoral (INE) instal\u00f3 el Comit\u00e9 de Transparencia, a fin de garantizar el acceso a la informaci\u00f3n, as\u00ed como la rectificaci\u00f3n, cancelaci\u00f3n y oposici\u00f3n al tratamiento de datos personales. En presencia de la Secretaria Ejecutiva, Claudia Arlett Espino y, de manera virtual, la Consejera Norma Irene De la Cruz Maga\u00f1a, la Consejera Rita [&hellip;]<\/p>\n","protected":false},"author":2,"featured_media":215688,"comment_status":"closed","ping_status":"closed","sticky":false,"template":"","format":"standard","meta":{"footnotes":""},"categories":[12870,172],"tags":[12865,12874],"class_list":["post-215687","post","type-post","status-publish","format-standard","has-post-thumbnail","hentry","category-destacadas","category-nacional","tag-destacadas","tag-nacional"],"jetpack_featured_media_url":"https:\/\/rnoticias.com.mx\/Portal\/wp-content\/uploads\/2025\/04\/Comite_Transparencia.png","amp_enabled":true,"_links":{"self":[{"href":"https:\/\/rnoticias.com.mx\/Portal\/wp-json\/wp\/v2\/posts\/215687","targetHints":{"allow":["GET"]}}],"collection":[{"href":"https:\/\/rnoticias.com.mx\/Portal\/wp-json\/wp\/v2\/posts"}],"about":[{"href":"https:\/\/rnoticias.com.mx\/Portal\/wp-json\/wp\/v2\/types\/post"}],"author":[{"embeddable":true,"href":"https:\/\/rnoticias.com.mx\/Portal\/wp-json\/wp\/v2\/users\/2"}],"replies":[{"embeddable":true,"href":"https:\/\/rnoticias.com.mx\/Portal\/wp-json\/wp\/v2\/comments?post=215687"}],"version-history":[{"count":1,"href":"https:\/\/rnoticias.com.mx\/Portal\/wp-json\/wp\/v2\/posts\/215687\/revisions"}],"predecessor-version":[{"id":215689,"href":"https:\/\/rnoticias.com.mx\/Portal\/wp-json\/wp\/v2\/posts\/215687\/revisions\/215689"}],"wp:featuredmedia":[{"embeddable":true,"href":"https:\/\/rnoticias.com.mx\/Portal\/wp-json\/wp\/v2\/media\/215688"}],"wp:attachment":[{"href":"https:\/\/rnoticias.com.mx\/Portal\/wp-json\/wp\/v2\/media?parent=215687"}],"wp:term":[{"taxonomy":"category","embeddable":true,"href":"https:\/\/rnoticias.com.mx\/Portal\/wp-json\/wp\/v2\/categories?post=215687"},{"taxonomy":"post_tag","embeddable":true,"href":"https:\/\/rnoticias.com.mx\/Portal\/wp-json\/wp\/v2\/tags?post=215687"}],"curies":[{"name":"wp","href":"https:\/\/api.w.org\/{rel}","templated":true}]}}