{"id":215678,"date":"2025-04-22T16:59:59","date_gmt":"2025-04-22T16:59:59","guid":{"rendered":"https:\/\/rnoticias.com.mx\/Portal\/?p=215678"},"modified":"2025-04-22T16:59:59","modified_gmt":"2025-04-22T16:59:59","slug":"cruzada-por-la-competitividad-sera-detonante-para-el-desarrollo-empresarial-mexicano","status":"publish","type":"post","link":"https:\/\/rnoticias.com.mx\/Portal\/2025\/04\/22\/cruzada-por-la-competitividad-sera-detonante-para-el-desarrollo-empresarial-mexicano\/","title":{"rendered":"Cruzada por la Competitividad ser\u00e1 detonante para el desarrollo empresarial mexicano"},"content":{"rendered":"<p>Hermosillo, Sonora a 22 de abril del 2025. La Fecanaco Sonora y Canacope Hermosillo, respaldan una Cruzada Nacional por la Competitividad, que busca visibilizar y atender las necesidades reales de personas empresarias, emprendedoras y trabajadoras que son la base del desarrollo econ\u00f3mico de M\u00e9xico.<\/p>\n<p>&nbsp;<\/p>\n<p>&nbsp;<\/p>\n<p>Mart\u00edn Zalazar Zazueta, presidente de ambos organismos empresariales en el estado de Sonora, manifest\u00f3 que esa cruzada empresarial que es impulsada por la Confederaci\u00f3n de C\u00e1maras Nacionales de Comercio, Servicios y Turismo (Concanaco Servytur M\u00e9xico), a trav\u00e9s de su presidente Octavio de la Torre de St\u00e9ffano, contempla 4 propuestas estrat\u00e9gicas de inicio y que engloban a 2.5 millones de afiliados a esa organizaci\u00f3n nacional.<\/p>\n<p>&nbsp;<\/p>\n<p>&nbsp;<\/p>\n<p><strong>\u201cEsas cuatro primeras propuestas son: incentivar el consumo de veh\u00edculos nacionales, deducci\u00f3n total en restaurantes, bares y fondas locales, reforma aduanera con voz empresarial y seguridad en el transporte de mercanc\u00edas.<\/strong><\/p>\n<p><strong>Estas propuestas representan una agenda con visi\u00f3n nacional, dise\u00f1ada desde las c\u00e1maras y los sectores productivos del pa\u00eds, y est\u00e1n pensadas para fortalecer el consumo interno, elevar la productividad, modernizar la regulaci\u00f3n y garantizar condiciones seguras para el desarrollo empresarial\u201d, asegur\u00f3.<\/strong><\/p>\n<p>&nbsp;<\/p>\n<p>&nbsp;<\/p>\n<p>Detall\u00f3, que, en el apartado de incentivar el consumo de veh\u00edculos nacionales, se buscar\u00e1 impulsar una deducci\u00f3n fiscal por la adquisici\u00f3n y renta de veh\u00edculos fabricados en M\u00e9xico, as\u00ed como la renta de veh\u00edculos, lo cual fortalecer\u00e1 la industria nacional, dinamizar\u00e1 el empleo regional y mejorar\u00e1 las condiciones de los distribuidores de veh\u00edculos.<\/p>\n<p>&nbsp;<\/p>\n<p>&nbsp;<\/p>\n<p>En lo que se refiere a la deducci\u00f3n total de restaurantes, bares y fondas locales, enfatiz\u00f3, se propondr\u00e1 se incremente el monto deducible de consumos de alimentos al 100% en ese tipo de establecimientos y lo cual incentiva directamente la econom\u00eda local, especialmente en micro y peque\u00f1as empresas del sector servicio.<\/p>\n<p>&nbsp;<\/p>\n<p>&nbsp;<\/p>\n<p>Sobre la reforma aduanera, el l\u00edder empresarial sonorense, expuso que al estar dentro del sector servicios y que gran parte de su membres\u00eda son importadores y exportadores, agentes aduanales, empresas de log\u00edstica, carga, transporte, se buscar\u00e1 crear una ley moderna, eficiente y alineada con los retos actuales del comercio global.<\/p>\n<p>&nbsp;<\/p>\n<p>&nbsp;<\/p>\n<p><strong>\u201cY finalmente en el rubro de seguridad en el transporte de mercanc\u00edas, presentaremos propuestas por rutas para vigilancia permanente de la guardia nacional y escoltas. La idea es proteger la carga de nuestras empresas y negocios familiares ya que son parte del fruto del esfuerzo productivo nacional\u201d, puntualiz\u00f3.<\/strong><\/p>\n<p>&nbsp;<\/p>\n<p>&nbsp;<\/p>\n<p>Por \u00faltimo, Mart\u00edn Zalazar Zazueta, se\u00f1al\u00f3 que esas 4 propuestas son las primeras de 100 que presentar\u00e1 la Confederaci\u00f3n de C\u00e1maras a nivel M\u00e9xico e igualmente invit\u00f3 a todos los miembros del sector productivo, a participar activamente con ideas, iniciativas o propuestas escribiendo al correo: presidencia@concanaco.com.mx.<\/p>\n<p>&nbsp;<\/p>\n","protected":false},"excerpt":{"rendered":"<p>Hermosillo, Sonora a 22 de abril del 2025. La Fecanaco Sonora y Canacope Hermosillo, respaldan una Cruzada Nacional por la Competitividad, que busca visibilizar y atender las necesidades reales de personas empresarias, emprendedoras y trabajadoras que son la base del desarrollo econ\u00f3mico de M\u00e9xico. &nbsp; &nbsp; Mart\u00edn Zalazar Zazueta, presidente de ambos organismos empresariales en [&hellip;]<\/p>\n","protected":false},"author":2,"featured_media":215679,"comment_status":"closed","ping_status":"closed","sticky":false,"template":"","format":"standard","meta":{"footnotes":""},"categories":[12870,178],"tags":[12865,12869],"class_list":["post-215678","post","type-post","status-publish","format-standard","has-post-thumbnail","hentry","category-destacadas","category-local","tag-destacadas","tag-local"],"jetpack_featured_media_url":"https:\/\/rnoticias.com.mx\/Portal\/wp-content\/uploads\/2025\/04\/consumorestaurantes.jpeg","amp_enabled":true,"_links":{"self":[{"href":"https:\/\/rnoticias.com.mx\/Portal\/wp-json\/wp\/v2\/posts\/215678","targetHints":{"allow":["GET"]}}],"collection":[{"href":"https:\/\/rnoticias.com.mx\/Portal\/wp-json\/wp\/v2\/posts"}],"about":[{"href":"https:\/\/rnoticias.com.mx\/Portal\/wp-json\/wp\/v2\/types\/post"}],"author":[{"embeddable":true,"href":"https:\/\/rnoticias.com.mx\/Portal\/wp-json\/wp\/v2\/users\/2"}],"replies":[{"embeddable":true,"href":"https:\/\/rnoticias.com.mx\/Portal\/wp-json\/wp\/v2\/comments?post=215678"}],"version-history":[{"count":1,"href":"https:\/\/rnoticias.com.mx\/Portal\/wp-json\/wp\/v2\/posts\/215678\/revisions"}],"predecessor-version":[{"id":215680,"href":"https:\/\/rnoticias.com.mx\/Portal\/wp-json\/wp\/v2\/posts\/215678\/revisions\/215680"}],"wp:featuredmedia":[{"embeddable":true,"href":"https:\/\/rnoticias.com.mx\/Portal\/wp-json\/wp\/v2\/media\/215679"}],"wp:attachment":[{"href":"https:\/\/rnoticias.com.mx\/Portal\/wp-json\/wp\/v2\/media?parent=215678"}],"wp:term":[{"taxonomy":"category","embeddable":true,"href":"https:\/\/rnoticias.com.mx\/Portal\/wp-json\/wp\/v2\/categories?post=215678"},{"taxonomy":"post_tag","embeddable":true,"href":"https:\/\/rnoticias.com.mx\/Portal\/wp-json\/wp\/v2\/tags?post=215678"}],"curies":[{"name":"wp","href":"https:\/\/api.w.org\/{rel}","templated":true}]}}