{"id":215675,"date":"2025-04-22T16:25:16","date_gmt":"2025-04-22T16:25:16","guid":{"rendered":"https:\/\/rnoticias.com.mx\/Portal\/?p=215675"},"modified":"2025-04-22T16:25:16","modified_gmt":"2025-04-22T16:25:16","slug":"brindara-atenciones-cij-en-semana-de-pascua","status":"publish","type":"post","link":"https:\/\/rnoticias.com.mx\/Portal\/2025\/04\/22\/brindara-atenciones-cij-en-semana-de-pascua\/","title":{"rendered":"Brindar\u00e1 atenciones CIJ en Semana de Pascua"},"content":{"rendered":"<p>El Centro de Integraci\u00f3n Juvenil en Hermosillo anuncia que brindar\u00e1 atenciones de manera normal en este periodo de pascua en sus instalaciones e incluso podr\u00edan realizar visitas a empresas o escuelas.<\/p>\n<p>&nbsp;<\/p>\n<p>Alan S\u00e1nchez, Psic\u00f3logo del Centros de Integraci\u00f3n Juvenil A.C, se\u00f1al\u00f3 que, para esta semana de pascua, las oficinas se mantendr\u00e1n abiertas de 8 de la ma\u00f1ana a siete de la tarde y se brindar\u00e1n atenciones, as\u00ed como tratamientos en adicciones diversas tanto a pacientes j\u00f3venes como a sus familiares si lo requieren.<\/p>\n<p>&nbsp;<\/p>\n<p><strong>\u00a0\u201cEn semana de pascua que ser\u00eda del d\u00eda 21 al 25, atendiendo en sesiones de manera individual, grupal, de forma normal como se ha venido haciendo al igual como en las campa\u00f1as preventivas que se han venido haciendo en algunas escuelas que podr\u00e1n estar de campamento asi como tambi\u00e9n las empresas donde podemos acudir a ofrecer platicas de prevenci\u00f3n\u201d, cont\u00f3.<\/strong><\/p>\n<p>&nbsp;<\/p>\n<p>Para mayores informes, las personas interesadas en recibir algunos de sus servicios, pueden llamar al tel\u00e9fono (662) 2 13 28 68, para agendar citas y reconoci\u00f3 que el costo de la primera es de 70 pesos.<\/p>\n","protected":false},"excerpt":{"rendered":"<p>El Centro de Integraci\u00f3n Juvenil en Hermosillo anuncia que brindar\u00e1 atenciones de manera normal en este periodo de pascua en sus instalaciones e incluso podr\u00edan realizar visitas a empresas o escuelas. &nbsp; Alan S\u00e1nchez, Psic\u00f3logo del Centros de Integraci\u00f3n Juvenil A.C, se\u00f1al\u00f3 que, para esta semana de pascua, las oficinas se mantendr\u00e1n abiertas de 8 [&hellip;]<\/p>\n","protected":false},"author":2,"featured_media":215676,"comment_status":"closed","ping_status":"closed","sticky":false,"template":"","format":"standard","meta":{"footnotes":""},"categories":[12870,178],"tags":[12865,12869],"class_list":["post-215675","post","type-post","status-publish","format-standard","has-post-thumbnail","hentry","category-destacadas","category-local","tag-destacadas","tag-local"],"jetpack_featured_media_url":"https:\/\/rnoticias.com.mx\/Portal\/wp-content\/uploads\/2025\/04\/WhatsApp-Image-2025-04-18-at-12.00.28-PM.jpeg","amp_enabled":true,"_links":{"self":[{"href":"https:\/\/rnoticias.com.mx\/Portal\/wp-json\/wp\/v2\/posts\/215675","targetHints":{"allow":["GET"]}}],"collection":[{"href":"https:\/\/rnoticias.com.mx\/Portal\/wp-json\/wp\/v2\/posts"}],"about":[{"href":"https:\/\/rnoticias.com.mx\/Portal\/wp-json\/wp\/v2\/types\/post"}],"author":[{"embeddable":true,"href":"https:\/\/rnoticias.com.mx\/Portal\/wp-json\/wp\/v2\/users\/2"}],"replies":[{"embeddable":true,"href":"https:\/\/rnoticias.com.mx\/Portal\/wp-json\/wp\/v2\/comments?post=215675"}],"version-history":[{"count":1,"href":"https:\/\/rnoticias.com.mx\/Portal\/wp-json\/wp\/v2\/posts\/215675\/revisions"}],"predecessor-version":[{"id":215677,"href":"https:\/\/rnoticias.com.mx\/Portal\/wp-json\/wp\/v2\/posts\/215675\/revisions\/215677"}],"wp:featuredmedia":[{"embeddable":true,"href":"https:\/\/rnoticias.com.mx\/Portal\/wp-json\/wp\/v2\/media\/215676"}],"wp:attachment":[{"href":"https:\/\/rnoticias.com.mx\/Portal\/wp-json\/wp\/v2\/media?parent=215675"}],"wp:term":[{"taxonomy":"category","embeddable":true,"href":"https:\/\/rnoticias.com.mx\/Portal\/wp-json\/wp\/v2\/categories?post=215675"},{"taxonomy":"post_tag","embeddable":true,"href":"https:\/\/rnoticias.com.mx\/Portal\/wp-json\/wp\/v2\/tags?post=215675"}],"curies":[{"name":"wp","href":"https:\/\/api.w.org\/{rel}","templated":true}]}}