{"id":215660,"date":"2025-04-22T16:13:03","date_gmt":"2025-04-22T16:13:03","guid":{"rendered":"https:\/\/rnoticias.com.mx\/Portal\/?p=215660"},"modified":"2025-04-22T16:13:03","modified_gmt":"2025-04-22T16:13:03","slug":"comite-olimpico-de-italia-pide-suspender-eventos-deportivos-el-dia-del-funeral-del-papa-francisco","status":"publish","type":"post","link":"https:\/\/rnoticias.com.mx\/Portal\/2025\/04\/22\/comite-olimpico-de-italia-pide-suspender-eventos-deportivos-el-dia-del-funeral-del-papa-francisco\/","title":{"rendered":"Comit\u00e9 Ol\u00edmpico de Italia pide suspender eventos deportivos el d\u00eda del funeral del papa Francisco"},"content":{"rendered":"<p>El\u00a0<strong>Comit\u00e9 Ol\u00edmpico Nacional italiano<\/strong>\u00a0ha solicitado que se suspendan los eventos deportivos el s\u00e1bado, d\u00eda del funeral del papa Francisco.<\/p>\n<p>El CONI solicit\u00f3 el martes adem\u00e1s que se guarde un minuto de silencio en otros eventos deportivos, despu\u00e9s de que el gobierno declarara cinco d\u00edas de luto nacional.<\/p>\n<p>El\u00a0<strong>papa, quien falleci\u00f3 el lunes a los 88 a\u00f1os<\/strong>, fue un aficionado al f\u00fatbol de toda la vida.<\/p>\n<p>Los eventos del s\u00e1bado en Italia incluyen tres partidos programados de la Serie A de f\u00fatbol de primera divisi\u00f3n, uno de ellos entre el l\u00edder de la liga Inter de Mil\u00e1n y Roma.<\/p>\n<p>No estaba claro de inmediato si otros partidos de liga y copa programados para otros d\u00edas de esta semana tambi\u00e9n podr\u00edan verse afectados.<\/p>\n<p><strong>Todos los eventos deportivos que estaban programados para el lunes en Italia fueron pospuestos tras la muerte de Francisco. Eso incluy\u00f3 cuatro partidos de la Serie A que se trasladaron al mi\u00e9rcoles. Los partidos en el pa\u00eds natal del papa Francisco, Argentina, tambi\u00e9n fueron suspendidos.<\/strong><\/p>\n<p>&nbsp;<\/p>\n<p>AP<\/p>\n","protected":false},"excerpt":{"rendered":"<p>El\u00a0Comit\u00e9 Ol\u00edmpico Nacional italiano\u00a0ha solicitado que se suspendan los eventos deportivos el s\u00e1bado, d\u00eda del funeral del papa Francisco. El CONI solicit\u00f3 el martes adem\u00e1s que se guarde un minuto de silencio en otros eventos deportivos, despu\u00e9s de que el gobierno declarara cinco d\u00edas de luto nacional. El\u00a0papa, quien falleci\u00f3 el lunes a los 88 [&hellip;]<\/p>\n","protected":false},"author":2,"featured_media":215661,"comment_status":"closed","ping_status":"closed","sticky":false,"template":"","format":"standard","meta":{"footnotes":""},"categories":[188,12870],"tags":[5231,12865],"class_list":["post-215660","post","type-post","status-publish","format-standard","has-post-thumbnail","hentry","category-deportes","category-destacadas","tag-deportes","tag-destacadas"],"jetpack_featured_media_url":"https:\/\/rnoticias.com.mx\/Portal\/wp-content\/uploads\/2025\/04\/big_a1f44.png","amp_enabled":true,"_links":{"self":[{"href":"https:\/\/rnoticias.com.mx\/Portal\/wp-json\/wp\/v2\/posts\/215660","targetHints":{"allow":["GET"]}}],"collection":[{"href":"https:\/\/rnoticias.com.mx\/Portal\/wp-json\/wp\/v2\/posts"}],"about":[{"href":"https:\/\/rnoticias.com.mx\/Portal\/wp-json\/wp\/v2\/types\/post"}],"author":[{"embeddable":true,"href":"https:\/\/rnoticias.com.mx\/Portal\/wp-json\/wp\/v2\/users\/2"}],"replies":[{"embeddable":true,"href":"https:\/\/rnoticias.com.mx\/Portal\/wp-json\/wp\/v2\/comments?post=215660"}],"version-history":[{"count":1,"href":"https:\/\/rnoticias.com.mx\/Portal\/wp-json\/wp\/v2\/posts\/215660\/revisions"}],"predecessor-version":[{"id":215662,"href":"https:\/\/rnoticias.com.mx\/Portal\/wp-json\/wp\/v2\/posts\/215660\/revisions\/215662"}],"wp:featuredmedia":[{"embeddable":true,"href":"https:\/\/rnoticias.com.mx\/Portal\/wp-json\/wp\/v2\/media\/215661"}],"wp:attachment":[{"href":"https:\/\/rnoticias.com.mx\/Portal\/wp-json\/wp\/v2\/media?parent=215660"}],"wp:term":[{"taxonomy":"category","embeddable":true,"href":"https:\/\/rnoticias.com.mx\/Portal\/wp-json\/wp\/v2\/categories?post=215660"},{"taxonomy":"post_tag","embeddable":true,"href":"https:\/\/rnoticias.com.mx\/Portal\/wp-json\/wp\/v2\/tags?post=215660"}],"curies":[{"name":"wp","href":"https:\/\/api.w.org\/{rel}","templated":true}]}}