{"id":215628,"date":"2025-04-22T01:23:29","date_gmt":"2025-04-22T01:23:29","guid":{"rendered":"https:\/\/rnoticias.com.mx\/Portal\/?p=215628"},"modified":"2025-04-22T01:23:29","modified_gmt":"2025-04-22T01:23:29","slug":"respalda-ugrs-plan-hidrico-para-sonora","status":"publish","type":"post","link":"https:\/\/rnoticias.com.mx\/Portal\/2025\/04\/22\/respalda-ugrs-plan-hidrico-para-sonora\/","title":{"rendered":"Respalda UGRS Plan H\u00eddrico para Sonora"},"content":{"rendered":"<p>Reitera la Uni\u00f3n Ganadera Regional de Sonora (UGRS), su respaldo al gobierno estatal para que, con el Plan H\u00eddrico Sonora por los pr\u00f3ximos 30 a\u00f1os, se solucione el tema del abasto del agua para todos los sectores en la entidad.<\/p>\n<p>&nbsp;<\/p>\n<p>Juan Ochoa Valenzuela, presidente de la UGRS, se\u00f1al\u00f3 que el sector ganadero padece fuertemente el tema del abasto del agua, por ello recalc\u00f3 que trabajar\u00e1n de la mano con el gobierno de Sonora para que ese plan h\u00eddrico ayude a combatir el tema de la sequ\u00eda.<\/p>\n<p>&nbsp;<\/p>\n<p><strong>\u00a0\u201cDe manera que nosotros tambi\u00e9n tengamos como enfrentar este fen\u00f3meno que se ha prolongado tanto que es la sequ\u00eda. No solo nos afecta a los ganaderos, sino a los agricultores tambi\u00e9n, como ustedes saben las presas est\u00e1n en sus niveles m\u00e1s bajos yo creo de la historia\u201d, dijo.<\/strong><\/p>\n<p>&nbsp;<\/p>\n<p>De la misma forma, mencion\u00f3, que adem\u00e1s de la implementaci\u00f3n de ese Plan H\u00eddrico que busca asegurar el acceso al agua para las pr\u00f3ximas generaciones, la misma poblaci\u00f3n y los sectores productivos, deben poner tambi\u00e9n de su parte haciendo un mejor uso del agua y cuidarla lo m\u00e1s que se pueda.<\/p>\n","protected":false},"excerpt":{"rendered":"<p>Reitera la Uni\u00f3n Ganadera Regional de Sonora (UGRS), su respaldo al gobierno estatal para que, con el Plan H\u00eddrico Sonora por los pr\u00f3ximos 30 a\u00f1os, se solucione el tema del abasto del agua para todos los sectores en la entidad. &nbsp; Juan Ochoa Valenzuela, presidente de la UGRS, se\u00f1al\u00f3 que el sector ganadero padece fuertemente [&hellip;]<\/p>\n","protected":false},"author":2,"featured_media":215629,"comment_status":"closed","ping_status":"closed","sticky":false,"template":"","format":"standard","meta":{"footnotes":""},"categories":[12870,178],"tags":[12865,12869],"class_list":["post-215628","post","type-post","status-publish","format-standard","has-post-thumbnail","hentry","category-destacadas","category-local","tag-destacadas","tag-local"],"jetpack_featured_media_url":"https:\/\/rnoticias.com.mx\/Portal\/wp-content\/uploads\/2025\/04\/WhatsApp-Image-2023-06-02-at-11.54.16-AM.jpeg","amp_enabled":true,"_links":{"self":[{"href":"https:\/\/rnoticias.com.mx\/Portal\/wp-json\/wp\/v2\/posts\/215628","targetHints":{"allow":["GET"]}}],"collection":[{"href":"https:\/\/rnoticias.com.mx\/Portal\/wp-json\/wp\/v2\/posts"}],"about":[{"href":"https:\/\/rnoticias.com.mx\/Portal\/wp-json\/wp\/v2\/types\/post"}],"author":[{"embeddable":true,"href":"https:\/\/rnoticias.com.mx\/Portal\/wp-json\/wp\/v2\/users\/2"}],"replies":[{"embeddable":true,"href":"https:\/\/rnoticias.com.mx\/Portal\/wp-json\/wp\/v2\/comments?post=215628"}],"version-history":[{"count":1,"href":"https:\/\/rnoticias.com.mx\/Portal\/wp-json\/wp\/v2\/posts\/215628\/revisions"}],"predecessor-version":[{"id":215630,"href":"https:\/\/rnoticias.com.mx\/Portal\/wp-json\/wp\/v2\/posts\/215628\/revisions\/215630"}],"wp:featuredmedia":[{"embeddable":true,"href":"https:\/\/rnoticias.com.mx\/Portal\/wp-json\/wp\/v2\/media\/215629"}],"wp:attachment":[{"href":"https:\/\/rnoticias.com.mx\/Portal\/wp-json\/wp\/v2\/media?parent=215628"}],"wp:term":[{"taxonomy":"category","embeddable":true,"href":"https:\/\/rnoticias.com.mx\/Portal\/wp-json\/wp\/v2\/categories?post=215628"},{"taxonomy":"post_tag","embeddable":true,"href":"https:\/\/rnoticias.com.mx\/Portal\/wp-json\/wp\/v2\/tags?post=215628"}],"curies":[{"name":"wp","href":"https:\/\/api.w.org\/{rel}","templated":true}]}}