{"id":215622,"date":"2025-04-22T01:10:40","date_gmt":"2025-04-22T01:10:40","guid":{"rendered":"https:\/\/rnoticias.com.mx\/Portal\/?p=215622"},"modified":"2025-04-22T01:10:40","modified_gmt":"2025-04-22T01:10:40","slug":"semana-de-pascua-tambien-genera-bastante-trabajo-para-los-tour-operadores-de-sonora","status":"publish","type":"post","link":"https:\/\/rnoticias.com.mx\/Portal\/2025\/04\/22\/semana-de-pascua-tambien-genera-bastante-trabajo-para-los-tour-operadores-de-sonora\/","title":{"rendered":"Semana de Pascua tambi\u00e9n genera bastante trabajo para los tour operadores de Sonora"},"content":{"rendered":"<p>Debido a que se tienen a\u00fan bastantes viajes programados para diversos sitios de Sonora, los tours operadores organizados en la entidad van a continuar trabajando al 100 por ciento en esta Semana de Pascua.<\/p>\n<p>&nbsp;<\/p>\n<p>Julio Cesar Rasc\u00f3n Torres, presidente de la Asociaci\u00f3n de Tour operadores, Gu\u00edas y Anfitriones Tur\u00edsticos, manifest\u00f3 que, en esta segunda semana de vacaciones dentro del mes de abril, tendr\u00e1n bastante actividad especialmente a la ruta del Rio Sonora y otras comunidades rurales e ind\u00edgenas.<\/p>\n<p>&nbsp;<\/p>\n<p><strong>\u00a0\u201cEsta semana de pascua traemos trabajo, hay visitantes del pa\u00eds que est\u00e1n viniendo a conocer Sonora, que lo tiene todo, traemos viajes hacia la sierra, Rio Sonora, Y\u00e9cora, San Carlos, la ruta de las misiones y otras playas asi como la reserva del Pinacate\u201d, cont\u00f3.<\/strong><\/p>\n<p>&nbsp;<\/p>\n<p>Agreg\u00f3, que en Semana Santa tuvieron n\u00fameros bastante importantes y una prueba de ello, es que autoridades estatales y municipales dieron a conocer que para las partes serranas asi como comunidades rurales tuvieron la visita de no menos de 80 mil personas y para Bah\u00eda de Kino al menos 25 mil.<\/p>\n<p>&nbsp;<\/p>\n","protected":false},"excerpt":{"rendered":"<p>Debido a que se tienen a\u00fan bastantes viajes programados para diversos sitios de Sonora, los tours operadores organizados en la entidad van a continuar trabajando al 100 por ciento en esta Semana de Pascua. &nbsp; Julio Cesar Rasc\u00f3n Torres, presidente de la Asociaci\u00f3n de Tour operadores, Gu\u00edas y Anfitriones Tur\u00edsticos, manifest\u00f3 que, en esta segunda [&hellip;]<\/p>\n","protected":false},"author":2,"featured_media":215623,"comment_status":"closed","ping_status":"closed","sticky":false,"template":"","format":"standard","meta":{"footnotes":""},"categories":[12870,178],"tags":[12865,12869],"class_list":["post-215622","post","type-post","status-publish","format-standard","has-post-thumbnail","hentry","category-destacadas","category-local","tag-destacadas","tag-local"],"jetpack_featured_media_url":"https:\/\/rnoticias.com.mx\/Portal\/wp-content\/uploads\/2025\/04\/touroperadores-informan-que-aumentaran-viajes-a-comunidades-rurales-b7692162-focus-0-0-696-391.webp","amp_enabled":true,"_links":{"self":[{"href":"https:\/\/rnoticias.com.mx\/Portal\/wp-json\/wp\/v2\/posts\/215622","targetHints":{"allow":["GET"]}}],"collection":[{"href":"https:\/\/rnoticias.com.mx\/Portal\/wp-json\/wp\/v2\/posts"}],"about":[{"href":"https:\/\/rnoticias.com.mx\/Portal\/wp-json\/wp\/v2\/types\/post"}],"author":[{"embeddable":true,"href":"https:\/\/rnoticias.com.mx\/Portal\/wp-json\/wp\/v2\/users\/2"}],"replies":[{"embeddable":true,"href":"https:\/\/rnoticias.com.mx\/Portal\/wp-json\/wp\/v2\/comments?post=215622"}],"version-history":[{"count":1,"href":"https:\/\/rnoticias.com.mx\/Portal\/wp-json\/wp\/v2\/posts\/215622\/revisions"}],"predecessor-version":[{"id":215624,"href":"https:\/\/rnoticias.com.mx\/Portal\/wp-json\/wp\/v2\/posts\/215622\/revisions\/215624"}],"wp:featuredmedia":[{"embeddable":true,"href":"https:\/\/rnoticias.com.mx\/Portal\/wp-json\/wp\/v2\/media\/215623"}],"wp:attachment":[{"href":"https:\/\/rnoticias.com.mx\/Portal\/wp-json\/wp\/v2\/media?parent=215622"}],"wp:term":[{"taxonomy":"category","embeddable":true,"href":"https:\/\/rnoticias.com.mx\/Portal\/wp-json\/wp\/v2\/categories?post=215622"},{"taxonomy":"post_tag","embeddable":true,"href":"https:\/\/rnoticias.com.mx\/Portal\/wp-json\/wp\/v2\/tags?post=215622"}],"curies":[{"name":"wp","href":"https:\/\/api.w.org\/{rel}","templated":true}]}}