{"id":215616,"date":"2025-04-22T01:04:05","date_gmt":"2025-04-22T01:04:05","guid":{"rendered":"https:\/\/rnoticias.com.mx\/Portal\/?p=215616"},"modified":"2025-04-22T01:04:05","modified_gmt":"2025-04-22T01:04:05","slug":"fortalece-gobierno-de-sonora-actualizacion-de-conocimientos-de-docentes-universitarios-uthermosillo","status":"publish","type":"post","link":"https:\/\/rnoticias.com.mx\/Portal\/2025\/04\/22\/fortalece-gobierno-de-sonora-actualizacion-de-conocimientos-de-docentes-universitarios-uthermosillo\/","title":{"rendered":"Fortalece Gobierno de Sonora actualizaci\u00f3n de conocimientos de docentes universitarios: UTHermosillo"},"content":{"rendered":"<p align=\"left\">Hermosillo, Sonora; 21 de abril de 2025.- Con el objetivo de que la labor de las y los docentes de la entidad se adhiera a los par\u00e1metros del modelo educativo basado en competencias, la Universidad Tecnol\u00f3gica de Hermosillo (UTH) gestion\u00f3 el taller de capacitaci\u00f3n \u201cEstrategias de Ense\u00f1anza-Aprendizaje e Instrumentos de Evaluaci\u00f3n para Planeaci\u00f3n Did\u00e1ctica\u201d, se\u00f1al\u00f3 Isabel Villa Medina, secretaria Acad\u00e9mica de la UTH.<\/p>\n<p align=\"left\">Villa Medina precis\u00f3 que la capacitaci\u00f3n est\u00e1 vinculada a la planeaci\u00f3n del siguiente cuatrimestre. A\u00f1adi\u00f3 que para los docentes con mayor antig\u00fcedad implica actualizaci\u00f3n de los conocimientos, mientras que para otros significa una formaci\u00f3n primordial en temas como el lenguaje acad\u00e9mico y did\u00e1ctico, explicaci\u00f3n de herramientas de evaluaci\u00f3n, elaboraci\u00f3n de instrumentos, entre otros.<\/p>\n<p align=\"left\">Coment\u00f3 que esta clase de iniciativas reflejan el compromiso de la universidad con el esquema de mejora continua, asegura que su planta docente se mantenga al d\u00eda en estos temas, lo que a su vez impacta en la calidad de la educaci\u00f3n que su alumnado recibe d\u00eda con d\u00eda, en cumplimiento a la visi\u00f3n del gobernador Alfonso Durazo de transformar Sonora desde las aulas.<\/p>\n<p align=\"left\">El taller tambi\u00e9n cont\u00f3 con la participaci\u00f3n de directores de carrera de la UTH como Selene Rivas L\u00f3pez, del programa educativo en Param\u00e9dico, quien expuso a los participantes una pl\u00e1tica titulada \u201cSensibilizaci\u00f3n del Nuevo Modelo Educativo\u201d a los asistentes.<\/p>\n","protected":false},"excerpt":{"rendered":"<p>Hermosillo, Sonora; 21 de abril de 2025.- Con el objetivo de que la labor de las y los docentes de la entidad se adhiera a los par\u00e1metros del modelo educativo basado en competencias, la Universidad Tecnol\u00f3gica de Hermosillo (UTH) gestion\u00f3 el taller de capacitaci\u00f3n \u201cEstrategias de Ense\u00f1anza-Aprendizaje e Instrumentos de Evaluaci\u00f3n para Planeaci\u00f3n Did\u00e1ctica\u201d, se\u00f1al\u00f3 [&hellip;]<\/p>\n","protected":false},"author":2,"featured_media":215617,"comment_status":"closed","ping_status":"closed","sticky":false,"template":"","format":"standard","meta":{"footnotes":""},"categories":[12870,178],"tags":[12865,12869],"class_list":["post-215616","post","type-post","status-publish","format-standard","has-post-thumbnail","hentry","category-destacadas","category-local","tag-destacadas","tag-local"],"jetpack_featured_media_url":"https:\/\/rnoticias.com.mx\/Portal\/wp-content\/uploads\/2025\/04\/unnamed-19-12.jpg","amp_enabled":true,"_links":{"self":[{"href":"https:\/\/rnoticias.com.mx\/Portal\/wp-json\/wp\/v2\/posts\/215616","targetHints":{"allow":["GET"]}}],"collection":[{"href":"https:\/\/rnoticias.com.mx\/Portal\/wp-json\/wp\/v2\/posts"}],"about":[{"href":"https:\/\/rnoticias.com.mx\/Portal\/wp-json\/wp\/v2\/types\/post"}],"author":[{"embeddable":true,"href":"https:\/\/rnoticias.com.mx\/Portal\/wp-json\/wp\/v2\/users\/2"}],"replies":[{"embeddable":true,"href":"https:\/\/rnoticias.com.mx\/Portal\/wp-json\/wp\/v2\/comments?post=215616"}],"version-history":[{"count":1,"href":"https:\/\/rnoticias.com.mx\/Portal\/wp-json\/wp\/v2\/posts\/215616\/revisions"}],"predecessor-version":[{"id":215618,"href":"https:\/\/rnoticias.com.mx\/Portal\/wp-json\/wp\/v2\/posts\/215616\/revisions\/215618"}],"wp:featuredmedia":[{"embeddable":true,"href":"https:\/\/rnoticias.com.mx\/Portal\/wp-json\/wp\/v2\/media\/215617"}],"wp:attachment":[{"href":"https:\/\/rnoticias.com.mx\/Portal\/wp-json\/wp\/v2\/media?parent=215616"}],"wp:term":[{"taxonomy":"category","embeddable":true,"href":"https:\/\/rnoticias.com.mx\/Portal\/wp-json\/wp\/v2\/categories?post=215616"},{"taxonomy":"post_tag","embeddable":true,"href":"https:\/\/rnoticias.com.mx\/Portal\/wp-json\/wp\/v2\/tags?post=215616"}],"curies":[{"name":"wp","href":"https:\/\/api.w.org\/{rel}","templated":true}]}}