{"id":215601,"date":"2025-04-22T00:37:18","date_gmt":"2025-04-22T00:37:18","guid":{"rendered":"https:\/\/rnoticias.com.mx\/Portal\/?p=215601"},"modified":"2025-04-22T00:37:18","modified_gmt":"2025-04-22T00:37:18","slug":"vinculado-a-proceso-aaron-ricardo-n-por-el-delito-de-privacion-ilegal-de-la-libertad-de-una-menor-en-nogales","status":"publish","type":"post","link":"https:\/\/rnoticias.com.mx\/Portal\/2025\/04\/22\/vinculado-a-proceso-aaron-ricardo-n-por-el-delito-de-privacion-ilegal-de-la-libertad-de-una-menor-en-nogales\/","title":{"rendered":"Vinculado a proceso Aar\u00f3n Ricardo \u201cN\u201d por el delito de privaci\u00f3n ilegal de la libertad de una menor en Nogales"},"content":{"rendered":"<p>Nogales, Sonora, 21 de abril de 2025.- La Fiscal\u00eda General de Justicia del Estado de Sonora (FGJES) obtuvo la vinculaci\u00f3n a proceso en contra de Aar\u00f3n Ricardo \u201cN\u201d por el delito de privaci\u00f3n ilegal de la libertad, en agravio de una adolescente de identidad reservada, en hechos registrados en Nogales, Sonora.<\/p>\n<p>La carpeta de investigaci\u00f3n establece que, el pasado 25 de enero, la v\u00edctima menor de edad se encontraba en compa\u00f1\u00eda de su madre en la colonia Esperanza, en Nogales, cuando arrib\u00f3 al lugar el sujeto a bordo de un veh\u00edculo Nissan M\u00e1xima, color gris.<\/p>\n<p>El presunto responsable descendi\u00f3 de la unidad portando un arma de fuego de color negro y amenaz\u00f3 directamente a la adolescente diciendo que matar\u00eda a su madre si no se iba con \u00e9l; acto seguido, la sujet\u00f3 del cabello y la subi\u00f3 por la fuerza al veh\u00edculo en contra de su voluntad.<\/p>\n<p>Primero la traslad\u00f3 a un domicilio en la misma colonia Esperanza y luego a otro inmueble ubicada en la colonia El Rastro. La menor fue liberada al d\u00eda siguiente, el 26 de enero, alrededor de las 20:00 horas.<\/p>\n<p>En la continuaci\u00f3n de la audiencia de vinculaci\u00f3n a proceso el Juez dict\u00f3 como medida cautelar la prisi\u00f3n preventiva justificada para Aar\u00f3n Ricardo \u201cN\u201d y concedi\u00f3 un plazo de 2 meses para la investigaci\u00f3n complementaria.<\/p>\n<p>La Fiscal\u00eda General de Justicia del Estado de Sonora reitera su compromiso con la protecci\u00f3n integral de ni\u00f1as, ni\u00f1os y adolescentes, y continuar\u00e1 promoviendo acciones firmes para que quienes atenten contra su libertad e integridad enfrenten las consecuencias jur\u00eddicas correspondientes.<\/p>\n","protected":false},"excerpt":{"rendered":"<p>Nogales, Sonora, 21 de abril de 2025.- La Fiscal\u00eda General de Justicia del Estado de Sonora (FGJES) obtuvo la vinculaci\u00f3n a proceso en contra de Aar\u00f3n Ricardo \u201cN\u201d por el delito de privaci\u00f3n ilegal de la libertad, en agravio de una adolescente de identidad reservada, en hechos registrados en Nogales, Sonora. La carpeta de investigaci\u00f3n [&hellip;]<\/p>\n","protected":false},"author":2,"featured_media":215602,"comment_status":"closed","ping_status":"closed","sticky":false,"template":"","format":"standard","meta":{"footnotes":""},"categories":[12870,174],"tags":[12865,12873],"class_list":["post-215601","post","type-post","status-publish","format-standard","has-post-thumbnail","hentry","category-destacadas","category-estatal","tag-destacadas","tag-estatal"],"jetpack_featured_media_url":"https:\/\/rnoticias.com.mx\/Portal\/wp-content\/uploads\/2025\/04\/WhatsApp-Image-2025-04-21-at-3.09.31-PM.jpeg","amp_enabled":true,"_links":{"self":[{"href":"https:\/\/rnoticias.com.mx\/Portal\/wp-json\/wp\/v2\/posts\/215601","targetHints":{"allow":["GET"]}}],"collection":[{"href":"https:\/\/rnoticias.com.mx\/Portal\/wp-json\/wp\/v2\/posts"}],"about":[{"href":"https:\/\/rnoticias.com.mx\/Portal\/wp-json\/wp\/v2\/types\/post"}],"author":[{"embeddable":true,"href":"https:\/\/rnoticias.com.mx\/Portal\/wp-json\/wp\/v2\/users\/2"}],"replies":[{"embeddable":true,"href":"https:\/\/rnoticias.com.mx\/Portal\/wp-json\/wp\/v2\/comments?post=215601"}],"version-history":[{"count":1,"href":"https:\/\/rnoticias.com.mx\/Portal\/wp-json\/wp\/v2\/posts\/215601\/revisions"}],"predecessor-version":[{"id":215603,"href":"https:\/\/rnoticias.com.mx\/Portal\/wp-json\/wp\/v2\/posts\/215601\/revisions\/215603"}],"wp:featuredmedia":[{"embeddable":true,"href":"https:\/\/rnoticias.com.mx\/Portal\/wp-json\/wp\/v2\/media\/215602"}],"wp:attachment":[{"href":"https:\/\/rnoticias.com.mx\/Portal\/wp-json\/wp\/v2\/media?parent=215601"}],"wp:term":[{"taxonomy":"category","embeddable":true,"href":"https:\/\/rnoticias.com.mx\/Portal\/wp-json\/wp\/v2\/categories?post=215601"},{"taxonomy":"post_tag","embeddable":true,"href":"https:\/\/rnoticias.com.mx\/Portal\/wp-json\/wp\/v2\/tags?post=215601"}],"curies":[{"name":"wp","href":"https:\/\/api.w.org\/{rel}","templated":true}]}}