{"id":215598,"date":"2025-04-22T00:36:34","date_gmt":"2025-04-22T00:36:34","guid":{"rendered":"https:\/\/rnoticias.com.mx\/Portal\/?p=215598"},"modified":"2025-04-22T00:36:34","modified_gmt":"2025-04-22T00:36:34","slug":"lamenta-arquidiocesis-de-hermosillo-fallecimiento-del-papa-francisco","status":"publish","type":"post","link":"https:\/\/rnoticias.com.mx\/Portal\/2025\/04\/22\/lamenta-arquidiocesis-de-hermosillo-fallecimiento-del-papa-francisco\/","title":{"rendered":"Lamenta Arquidi\u00f3cesis de Hermosillo fallecimiento del Papa Francisco"},"content":{"rendered":"<p>El Arzobispo de Hermosillo, Ruy Rend\u00f3n Leal, lament\u00f3 el fallecimiento del Papa Francisco, durante las primeras horas de este lunes 21 de abril en la ciudad del Vaticano, a la edad de 88 a\u00f1os.<\/p>\n<p>&nbsp;<\/p>\n<p>Detall\u00f3, que el Papa Francisco o Jorge Mario Bergoglio, naci\u00f3 en Argentina y fue el 266 Papa de la Iglesia Cat\u00f3lica, desde el 13 de marzo del 2013 al 21 de abril del 2025.<\/p>\n<p>&nbsp;<\/p>\n<p><strong>\u00a0\u201cDesde la fe de nuestra resurrecci\u00f3n, contemplamos con esperanza que el Papa Francisco ha iniciado su pascua eterna como primicia de la pascua de nuestra iglesia. En esta octava de pascua, en estos 8 d\u00edas a partir de hoy y hasta el domingo vamos a estar en las diversas comunidades del arquidi\u00f3cesis de Hermosillo elevando a nuestro padre Dios una ferviente oraci\u00f3n a trav\u00e9s de misas por el descanso eterno del Papa Francisco\u201d, dijo.<\/strong><\/p>\n<p><strong>\u00a0<\/strong><\/p>\n<p>Igualmente, el Arzobispo de Hermosillo dio a conocer 5 importantes legados que consider\u00f3 fueron los m\u00e1s destacado que dej\u00f3 en vida el Papa Francisco: fue un verdadero disc\u00edpulo misionero, de profunda vida de fe, esperanza y caridad y de un gran amor a la Sant\u00edsima Virgen Mar\u00eda.<\/p>\n<p>&nbsp;<\/p>\n<p>Su pontificado le infundi\u00f3 a la iglesia una gran renovaci\u00f3n, un aire fresco de cercan\u00eda y humanidad.<\/p>\n<p>&nbsp;<\/p>\n<p>Sus documentos abordan grandes asuntos, no solo al interior de la iglesia, sino del mundo entero, del futuro mismo de la humanidad.<\/p>\n<p>&nbsp;<\/p>\n<p>Fue un hombre de iglesia, humilde, valiente, comprometido, de lenguaje sencillo, siempre actual, atento a las diversas situaciones de sufrimiento de millones de personas.<\/p>\n<p>&nbsp;<\/p>\n<p>Y finalmente ha muerto en el a\u00f1o jubilar como peregrino de esperanza y pr\u00e1cticamente en la solemnidad de la pascua de resurrecci\u00f3n.<\/p>\n<p>&nbsp;<\/p>\n<p><strong>\u201cEn este momento es dif\u00edcil precisar quien deba encabezar a la iglesia en el mundo, pero sencillamente quien suceda al Papa Francisco, debe ser un hombre de iglesia, de una gran espiritualidad, que le d\u00e9 continuidad a lo que \u00e9l lider\u00f3 en los \u00faltimos 12 a\u00f1os\u201d, concluy\u00f3.<\/strong><\/p>\n","protected":false},"excerpt":{"rendered":"<p>El Arzobispo de Hermosillo, Ruy Rend\u00f3n Leal, lament\u00f3 el fallecimiento del Papa Francisco, durante las primeras horas de este lunes 21 de abril en la ciudad del Vaticano, a la edad de 88 a\u00f1os. &nbsp; Detall\u00f3, que el Papa Francisco o Jorge Mario Bergoglio, naci\u00f3 en Argentina y fue el 266 Papa de la Iglesia [&hellip;]<\/p>\n","protected":false},"author":2,"featured_media":215599,"comment_status":"closed","ping_status":"closed","sticky":false,"template":"","format":"standard","meta":{"footnotes":""},"categories":[12870,178],"tags":[12865,12869],"class_list":["post-215598","post","type-post","status-publish","format-standard","has-post-thumbnail","hentry","category-destacadas","category-local","tag-destacadas","tag-local"],"jetpack_featured_media_url":"https:\/\/rnoticias.com.mx\/Portal\/wp-content\/uploads\/2025\/04\/WhatsApp-Image-2025-04-21-at-11.24.43-AM.jpeg","amp_enabled":true,"_links":{"self":[{"href":"https:\/\/rnoticias.com.mx\/Portal\/wp-json\/wp\/v2\/posts\/215598","targetHints":{"allow":["GET"]}}],"collection":[{"href":"https:\/\/rnoticias.com.mx\/Portal\/wp-json\/wp\/v2\/posts"}],"about":[{"href":"https:\/\/rnoticias.com.mx\/Portal\/wp-json\/wp\/v2\/types\/post"}],"author":[{"embeddable":true,"href":"https:\/\/rnoticias.com.mx\/Portal\/wp-json\/wp\/v2\/users\/2"}],"replies":[{"embeddable":true,"href":"https:\/\/rnoticias.com.mx\/Portal\/wp-json\/wp\/v2\/comments?post=215598"}],"version-history":[{"count":1,"href":"https:\/\/rnoticias.com.mx\/Portal\/wp-json\/wp\/v2\/posts\/215598\/revisions"}],"predecessor-version":[{"id":215600,"href":"https:\/\/rnoticias.com.mx\/Portal\/wp-json\/wp\/v2\/posts\/215598\/revisions\/215600"}],"wp:featuredmedia":[{"embeddable":true,"href":"https:\/\/rnoticias.com.mx\/Portal\/wp-json\/wp\/v2\/media\/215599"}],"wp:attachment":[{"href":"https:\/\/rnoticias.com.mx\/Portal\/wp-json\/wp\/v2\/media?parent=215598"}],"wp:term":[{"taxonomy":"category","embeddable":true,"href":"https:\/\/rnoticias.com.mx\/Portal\/wp-json\/wp\/v2\/categories?post=215598"},{"taxonomy":"post_tag","embeddable":true,"href":"https:\/\/rnoticias.com.mx\/Portal\/wp-json\/wp\/v2\/tags?post=215598"}],"curies":[{"name":"wp","href":"https:\/\/api.w.org\/{rel}","templated":true}]}}