{"id":215592,"date":"2025-04-22T00:13:34","date_gmt":"2025-04-22T00:13:34","guid":{"rendered":"https:\/\/rnoticias.com.mx\/Portal\/?p=215592"},"modified":"2025-04-22T00:13:34","modified_gmt":"2025-04-22T00:13:34","slug":"ciudadania-dara-certeza-a-la-clasificacion-conteo-y-traslado-de-votos-en-la-eleccion-del-poder-judicial","status":"publish","type":"post","link":"https:\/\/rnoticias.com.mx\/Portal\/2025\/04\/22\/ciudadania-dara-certeza-a-la-clasificacion-conteo-y-traslado-de-votos-en-la-eleccion-del-poder-judicial\/","title":{"rendered":"Ciudadan\u00eda dar\u00e1 certeza a la clasificaci\u00f3n, conteo y traslado de votos en la elecci\u00f3n del Poder Judicial"},"content":{"rendered":"<p class=\"x_MsoNormal\"><span lang=\"ES-TRAD\" data-olk-copy-source=\"MessageBody\">Al concluir la Jornada Electoral del pr\u00f3ximo 1 de junio, al cierre de las casillas seccionales y especiales que prev\u00e9 instalar el Instituto Nacional Electoral (INE) en todo el pa\u00eds, iniciar\u00e1 la clasificaci\u00f3n y conteo de las boletas con los votos del Proceso Electoral Extraordinario para la elecci\u00f3n de diversos cargos del Poder Judicial de la Federaci\u00f3n (PEEPJF) 2024-2025, cuyo eje transversal es la certidumbre que dar\u00e1 la participaci\u00f3n de la ciudadan\u00eda.<\/span><\/p>\n<p class=\"x_MsoNormal\"><span lang=\"ES-TRAD\">Este procedimiento estar\u00e1 a cargo de las y los ciudadanos que participar\u00e1n como funcionariado de Mesa Directiva de Casilla Seccional.<\/span><\/p>\n<p class=\"x_MsoNormal\"><span lang=\"ES-TRAD\">Una vez concluida la votaci\u00f3n, ser\u00e1 la presidencia de la casilla la que coordinar\u00e1 a las y los escrutadores, quienes, a la vista de todas las personas funcionarias presentes, auxiliar\u00e1n para extraer las boletas de la urna \u00fanica, las clasificar\u00e1n por elecci\u00f3n, las contar\u00e1n, registrar\u00e1n el total de\u00a0<\/span>boletas sacadas de las urnas<span lang=\"ES-TRAD\">\u00a0en el acta y las ingresar\u00e1n en la bolsa correspondiente, seg\u00fan el cargo.<\/span><\/p>\n<p class=\"x_MsoNormal\">Posteriormente, las personas secretarias llenar\u00e1n y firmar\u00e1n el\u00a0<i>Acta de la Jornada Electoral, clasificaci\u00f3n y conteo, y constancia de clausura de la casilla seccional<\/i>, con la cantidad de boletas recibidas, el total de personas que votaron, la clasificaci\u00f3n y conteo de las boletas con los votos por cada uno de los tipos de elecci\u00f3n, as\u00ed como la hora de clausura de la Casilla Seccional.<\/p>\n<p class=\"x_MsoNormal\"><b><i><span lang=\"ES-TRAD\">Integraci\u00f3n y traslado del paquete electoral<\/span><\/i><\/b><\/p>\n<p class=\"x_MsoNormal\"><span lang=\"ES-TRAD\">A continuaci\u00f3n, la presidencia de la Casilla Seccional auxiliada por las personas secretarias y escrutadoras, integrar\u00e1 el paquete electoral, verificar\u00e1 que incluya el expediente con el original del\u00a0<i>Acta de la Jornada Electoral, clasificaci\u00f3n y conteo, y constancia de clausura de la casilla seccional<\/i>, la hoja de incidentes, las bolsas con las boletas sobrantes y las que contendr\u00e1n las boletas sacadas de la urna de cada elecci\u00f3n, as\u00ed como la Lista Nominal correspondiente.<\/span><\/p>\n<p class=\"x_MsoNormal\"><span lang=\"ES-TRAD\">Luego de integrarse el paquete electoral, se sellar\u00e1 y firmar\u00e1 por todas las personas funcionarias de casilla.\u00a0<\/span>Enseguida, las y los secretarios deber\u00e1n llenar los carteles de resultados de las casillas, en los cuales se asentar\u00e1 la cantidad total de boletas de cada elecci\u00f3n sacadas de la urna, se firmar\u00e1n y publicar\u00e1n, fij\u00e1ndolos en el exterior del inmueble en que se instal\u00f3 la casilla, a fin de que pueda ser consultada por toda la ciudadan\u00eda.<\/p>\n<p class=\"x_MsoNormal\"><span lang=\"ES-TRAD\">Ser\u00e1n preferentemente las personas presidentas de las casillas seccionales, auxiliadas por las y los Capacitadores Asistentes Electorales (CAE), quienes trasladen y entreguen el paquete electoral correspondiente a la sede los 300 consejos distritales, donde se realizar\u00e1 el escrutinio y c\u00f3mputo de los votos.<\/span><\/p>\n","protected":false},"excerpt":{"rendered":"<p>Al concluir la Jornada Electoral del pr\u00f3ximo 1 de junio, al cierre de las casillas seccionales y especiales que prev\u00e9 instalar el Instituto Nacional Electoral (INE) en todo el pa\u00eds, iniciar\u00e1 la clasificaci\u00f3n y conteo de las boletas con los votos del Proceso Electoral Extraordinario para la elecci\u00f3n de diversos cargos del Poder Judicial de [&hellip;]<\/p>\n","protected":false},"author":2,"featured_media":215593,"comment_status":"closed","ping_status":"closed","sticky":false,"template":"","format":"standard","meta":{"footnotes":""},"categories":[12870,172],"tags":[12865,12874],"class_list":["post-215592","post","type-post","status-publish","format-standard","has-post-thumbnail","hentry","category-destacadas","category-nacional","tag-destacadas","tag-nacional"],"jetpack_featured_media_url":"https:\/\/rnoticias.com.mx\/Portal\/wp-content\/uploads\/2025\/04\/d856474a9447f3f38d8e36b05de0f3c3.jpg","amp_enabled":true,"_links":{"self":[{"href":"https:\/\/rnoticias.com.mx\/Portal\/wp-json\/wp\/v2\/posts\/215592","targetHints":{"allow":["GET"]}}],"collection":[{"href":"https:\/\/rnoticias.com.mx\/Portal\/wp-json\/wp\/v2\/posts"}],"about":[{"href":"https:\/\/rnoticias.com.mx\/Portal\/wp-json\/wp\/v2\/types\/post"}],"author":[{"embeddable":true,"href":"https:\/\/rnoticias.com.mx\/Portal\/wp-json\/wp\/v2\/users\/2"}],"replies":[{"embeddable":true,"href":"https:\/\/rnoticias.com.mx\/Portal\/wp-json\/wp\/v2\/comments?post=215592"}],"version-history":[{"count":1,"href":"https:\/\/rnoticias.com.mx\/Portal\/wp-json\/wp\/v2\/posts\/215592\/revisions"}],"predecessor-version":[{"id":215594,"href":"https:\/\/rnoticias.com.mx\/Portal\/wp-json\/wp\/v2\/posts\/215592\/revisions\/215594"}],"wp:featuredmedia":[{"embeddable":true,"href":"https:\/\/rnoticias.com.mx\/Portal\/wp-json\/wp\/v2\/media\/215593"}],"wp:attachment":[{"href":"https:\/\/rnoticias.com.mx\/Portal\/wp-json\/wp\/v2\/media?parent=215592"}],"wp:term":[{"taxonomy":"category","embeddable":true,"href":"https:\/\/rnoticias.com.mx\/Portal\/wp-json\/wp\/v2\/categories?post=215592"},{"taxonomy":"post_tag","embeddable":true,"href":"https:\/\/rnoticias.com.mx\/Portal\/wp-json\/wp\/v2\/tags?post=215592"}],"curies":[{"name":"wp","href":"https:\/\/api.w.org\/{rel}","templated":true}]}}