{"id":215543,"date":"2025-04-21T20:15:00","date_gmt":"2025-04-21T20:15:00","guid":{"rendered":"https:\/\/rnoticias.com.mx\/Portal\/?p=215543"},"modified":"2025-04-21T20:15:00","modified_gmt":"2025-04-21T20:15:00","slug":"chivas-se-queda-sin-director-tecnico-gerardo-espinoza","status":"publish","type":"post","link":"https:\/\/rnoticias.com.mx\/Portal\/2025\/04\/21\/chivas-se-queda-sin-director-tecnico-gerardo-espinoza\/","title":{"rendered":"Chivas se queda sin director t\u00e9cnico Gerardo Espinoza"},"content":{"rendered":"<p>Luego de la eliminaci\u00f3n prematura del Clausura 2025, dentro del Club Deportivo Guadalajara ya se tom\u00f3 la primera decisi\u00f3n contundente, y es que<mark><strong>\u00a0este lunes se anunci\u00f3 que Gerardo Espinoza no seguir\u00e1 en el banquillo rojiblanco<\/strong><\/mark>, por lo que Chivas ya busca el perfil adecuado que se pueda encargar del equipo de cara al Apertura 2025.<\/p>\n<p>En conferencia de prensa ofrecida en el Estadio Akron,\u00a0<strong>Javier Mier, \u00a0Director Deportivo de Chivas, sali\u00f3 a dar la cara tras el fracaso en la actual campa\u00f1a e inform\u00f3 sobre la destituci\u00f3n del \u201cLoco\u201d Espinoza\u00a0<\/strong>y tambi\u00e9n sobre su continuidad dentro la directiva del Reba\u00f1o.<\/p>\n<p>\u201cInformarles que Gerardo Espinoza no continuar\u00e1 en la instituci\u00f3n. Le agradecemos como persona ejemplar y como entrenador, como mexicano capaz.<strong>\u00a0<\/strong><mark><strong>Y que deseo, de manera personal y como club, que tenga una revancha porque esos espacios para los entrenadores mexicanos y j\u00f3venes esperemos que se sigan dando.\u201d<\/strong><\/mark><\/p>\n<p><strong>\u201cTengo la certeza y el respaldo de presidencia para continuar como director deportivo del equipo.\u00a0<\/strong>Me siento comprometido, conozco muy bien el club, sabemos perfectamente que esta etapa no es donde uno tiene que estar, pero s\u00ed tengo el respaldo. Tenemos que establecer muy bien las bases a lo largo de la semana, pero sabemos que hoy estamos lejos y debemos establecer muy bien las bases, el perfil y lo que buscamos\u201d, coment\u00f3 Mier.<\/p>\n<p>Respecto a un proyecto deportivo s\u00f3lido con visi\u00f3n al siguiente torneo, no dio detalles.\u00a0<strong>Sin embargo, habl\u00f3 sobre lo que se busca en los jugadores para que puedan convertirse en elementos del Guadalajara<\/strong>\u00a0y que se mantendr\u00e1 la inversi\u00f3n en fuerzas b\u00e1sicas.<\/p>\n<p><mark><strong>\u201cEl que venga debe de potenciar el proyecto del Club Deportivo Guadalajara, no de una persona.\u00a0<\/strong><\/mark>Eso es un pilar muy importante de lo que nosotros ponemos en la mesa en este momento. Tenemos una cantera que trabaja muy bien. Parte fundamental es saber de qu\u00e9 manera fortalecemos a nuestros formadores y a nuestros jugadores.\u201d<\/p>\n<p><strong>\u201cPretendemos que nuestros jugadores sean integrales y que sepan resolver situaciones que se les presentan dentro de la cancha y fuera de la cancha con los valores que representan en esta instituci\u00f3n<\/strong>. Debemos fortalecerlos con jugadores de jerarqu\u00eda que, considero que tenemos una columna vertebral de jugadores con un bagaje importante, pero que debemos traer jugadores con caracter\u00edsticas que no tengamos en este momento\u201d, finaliz\u00f3 el directivo.<\/p>\n","protected":false},"excerpt":{"rendered":"<p>Luego de la eliminaci\u00f3n prematura del Clausura 2025, dentro del Club Deportivo Guadalajara ya se tom\u00f3 la primera decisi\u00f3n contundente, y es que\u00a0este lunes se anunci\u00f3 que Gerardo Espinoza no seguir\u00e1 en el banquillo rojiblanco, por lo que Chivas ya busca el perfil adecuado que se pueda encargar del equipo de cara al Apertura 2025. [&hellip;]<\/p>\n","protected":false},"author":2,"featured_media":215544,"comment_status":"closed","ping_status":"closed","sticky":false,"template":"","format":"standard","meta":{"footnotes":""},"categories":[188,12870],"tags":[5231,12865],"class_list":["post-215543","post","type-post","status-publish","format-standard","has-post-thumbnail","hentry","category-deportes","category-destacadas","tag-deportes","tag-destacadas"],"jetpack_featured_media_url":"https:\/\/rnoticias.com.mx\/Portal\/wp-content\/uploads\/2025\/04\/oficial-chivas-se-queda-sin-entrenador-tras-fracaso-en-el-cl25-video.webp","amp_enabled":true,"_links":{"self":[{"href":"https:\/\/rnoticias.com.mx\/Portal\/wp-json\/wp\/v2\/posts\/215543","targetHints":{"allow":["GET"]}}],"collection":[{"href":"https:\/\/rnoticias.com.mx\/Portal\/wp-json\/wp\/v2\/posts"}],"about":[{"href":"https:\/\/rnoticias.com.mx\/Portal\/wp-json\/wp\/v2\/types\/post"}],"author":[{"embeddable":true,"href":"https:\/\/rnoticias.com.mx\/Portal\/wp-json\/wp\/v2\/users\/2"}],"replies":[{"embeddable":true,"href":"https:\/\/rnoticias.com.mx\/Portal\/wp-json\/wp\/v2\/comments?post=215543"}],"version-history":[{"count":1,"href":"https:\/\/rnoticias.com.mx\/Portal\/wp-json\/wp\/v2\/posts\/215543\/revisions"}],"predecessor-version":[{"id":215545,"href":"https:\/\/rnoticias.com.mx\/Portal\/wp-json\/wp\/v2\/posts\/215543\/revisions\/215545"}],"wp:featuredmedia":[{"embeddable":true,"href":"https:\/\/rnoticias.com.mx\/Portal\/wp-json\/wp\/v2\/media\/215544"}],"wp:attachment":[{"href":"https:\/\/rnoticias.com.mx\/Portal\/wp-json\/wp\/v2\/media?parent=215543"}],"wp:term":[{"taxonomy":"category","embeddable":true,"href":"https:\/\/rnoticias.com.mx\/Portal\/wp-json\/wp\/v2\/categories?post=215543"},{"taxonomy":"post_tag","embeddable":true,"href":"https:\/\/rnoticias.com.mx\/Portal\/wp-json\/wp\/v2\/tags?post=215543"}],"curies":[{"name":"wp","href":"https:\/\/api.w.org\/{rel}","templated":true}]}}