{"id":215540,"date":"2025-04-21T20:13:46","date_gmt":"2025-04-21T20:13:46","guid":{"rendered":"https:\/\/rnoticias.com.mx\/Portal\/?p=215540"},"modified":"2025-04-21T20:13:46","modified_gmt":"2025-04-21T20:13:46","slug":"el-mundo-del-futbol-despide-con-carino-al-papa-francisco","status":"publish","type":"post","link":"https:\/\/rnoticias.com.mx\/Portal\/2025\/04\/21\/el-mundo-del-futbol-despide-con-carino-al-papa-francisco\/","title":{"rendered":"El mundo del futbol despide con cari\u00f1o al Papa Francisco"},"content":{"rendered":"<p>El mundo del futbol, desde el coraz\u00f3n tapat\u00edo hasta las instituciones m\u00e1s grandes del planeta, se uni\u00f3 este lunes en un\u00a0<strong>emotivo adi\u00f3s a Su Santidad Francisco I,<\/strong>\u00a0quien falleci\u00f3 a los 88 a\u00f1os de edad.\u00a0<strong>Jorge Mario Bergogli<\/strong>o ser\u00e1 recordado no solo como un l\u00edder espiritual, sino tambi\u00e9n como un\u00a0<strong>apasionado del futbol<\/strong>, que encontr\u00f3 en su amado\u00a0<strong>San Lorenzo de Almagro<\/strong>\u00a0una de sus\u00a0<strong>mayores alegr\u00edas terrenales<\/strong>.<\/p>\n<p><strong>San Lorenzo<\/strong>, el club de su coraz\u00f3n, le\u00a0<strong>rindi\u00f3 un homenaje cargado de amor y gratitud<\/strong>: \u201cNunca fue uno m\u00e1s y siempre fue uno de los nuestros&#8230; Estaremos juntos por la eternidad\u201d. Desde ni\u00f1o hasta su papado,\u00a0<strong>Francisco jam\u00e1s dej\u00f3 de vibrar por el &#8220;Cicl\u00f3n&#8221;<\/strong>, llevando siempre consigo su\u00a0<strong>carnet de socio n\u00famero 88,235<\/strong>.<\/p>\n<p>En\u00a0<strong>M\u00e9xico<\/strong>, clubes como el\u00a0<strong>Club Am\u00e9rica<\/strong>\u00a0expresaron su pesar, agradeciendo su impulso al deporte y su amor por la biodiversidad, destacando el s\u00edmbolo del \u00e1guila real. Por su parte,\u00a0<strong>Atlas\u00a0<\/strong>y\u00a0<strong>Chivas<\/strong>, los hist\u00f3ricos rivales de\u00a0<strong>Guadalajara<\/strong>, tambi\u00e9n se unieron en duelo, recordando con respeto su figura y legado.<\/p>\n<p>El eco del adi\u00f3s traspas\u00f3 fronteras. El\u00a0<strong>Real Madrid<\/strong>\u00a0<strong>lament\u00f3 profundamente su partida<\/strong>, destacando el esp\u00edritu solidario y el apoyo constante que\u00a0<strong>Francisco\u00a0<\/strong>brind\u00f3 a los m\u00e1s vulnerables. Mientras tanto,\u00a0<strong>Boca Juniors<\/strong>, otro gigante argentino,\u00a0<strong>resalt\u00f3 su humildad y cercan\u00eda con la gente<\/strong>, enviando un emotivo mensaje de cari\u00f1o.<\/p>\n<p><strong>Francisco<\/strong>, quien durante su pontificado recibi\u00f3 a deportistas de todo el mundo y<strong>\u00a0celebr\u00f3 el triunfo de la Selecci\u00f3n Argentina en Qatar 2022<\/strong>, deja una\u00a0<strong>huella imborrable en el deporte<\/strong>. Su visi\u00f3n del futbol como un\u00a0<strong>camino de fraternidad y uni\u00f3n entre los pueblos<\/strong>\u00a0quedar\u00e1 como parte de su legado.<\/p>\n<p>Hoy,\u00a0<strong>el futbol mundial se une en oraci\u00f3n y agradecimiento<\/strong>\u00a0para despedir a un\u00a0<strong>hincha eterno que llev\u00f3 su pasi\u00f3n hasta el Vaticano. \u00a0<\/strong><\/p>\n<div>\n<figure id=\"cnt_img_8258\" class=\"image\"><img loading=\"lazy\" decoding=\"async\" title=\"NO VENTAS ZONA EPA\" src=\"https:\/\/www.informador.mx\/__export\/1745260835634\/sites\/elinformador\/img\/2025\/04\/21\/d40957066a25ebd2467218f0ed22cb563548df45w.jpg_306708395.jpg\" alt=\"NO VENTAS ZONA EPA\" width=\"800\" height=\"589\" hspace=\"5\" vspace=\"5\" data-height=\"589\" data-width=\"800\" data-size=\"w:800,h:589\" \/><figcaption>NO VENTAS ZONA EPA<\/figcaption><\/figure>\n<\/div>\n<h2>San Lorenzo de Almagro<\/h2>\n<p>\u201cNunca fue uno m\u00e1s y siempre fue uno de los nuestros. Cuervo de ni\u00f1o y de hombre&#8230; Cuervo como sacerdote y Cardenal&#8230; Cuervo tambi\u00e9n como Papa&#8230;<\/p>\n<div class=\"div-pos-7\"><\/div>\n<p>Siempre transmiti\u00f3 su pasi\u00f3n por el Cicl\u00f3n: cuando iba al Viejo Gas\u00f3metro para ver al equipo del 46, cuando confirmaba a Angelito Correa en la capilla de Ciudad Deportiva, cuando recib\u00eda las visitas azulgranas en el\u00a0<strong>Vaticano\u00a0<\/strong>siempre con felicidad total&#8230; Socio N\u00b088235.<\/p>\n<p>De\u00a0<strong>Jorge Mario Bergoglio<\/strong>\u00a0a\u00a0<strong>Francisco<\/strong>, hubo algo que jam\u00e1s cambi\u00f3: su amor por el Cicl\u00f3n.<\/p>\n<p>Envueltos en un profundo dolor, desde #SanLorenzo hoy le decimos a Francisco: \u00a1Adi\u00f3s, gracias y hasta siempre! \u00a1Estaremos juntos por la eternidad!\u201d<\/p>\n<div>\n<div id=\"twitter-492\" class=\"ck-twitter\">\n<div class=\"twitter-tweet twitter-tweet-rendered\"><iframe id=\"twitter-widget-0\" class=\"\" title=\"X Post\" src=\"https:\/\/platform.twitter.com\/embed\/Tweet.html?creatorScreenName=CMS%20Medios&amp;dnt=false&amp;embedId=twitter-widget-0&amp;features=eyJ0ZndfdGltZWxpbmVfbGlzdCI6eyJidWNrZXQiOltdLCJ2ZXJzaW9uIjpudWxsfSwidGZ3X2ZvbGxvd2VyX2NvdW50X3N1bnNldCI6eyJidWNrZXQiOnRydWUsInZlcnNpb24iOm51bGx9LCJ0ZndfdHdlZXRfZWRpdF9iYWNrZW5kIjp7ImJ1Y2tldCI6Im9uIiwidmVyc2lvbiI6bnVsbH0sInRmd19yZWZzcmNfc2Vzc2lvbiI6eyJidWNrZXQiOiJvbiIsInZlcnNpb24iOm51bGx9LCJ0ZndfZm9zbnJfc29mdF9pbnRlcnZlbnRpb25zX2VuYWJsZWQiOnsiYnVja2V0Ijoib24iLCJ2ZXJzaW9uIjpudWxsfSwidGZ3X21peGVkX21lZGlhXzE1ODk3Ijp7ImJ1Y2tldCI6InRyZWF0bWVudCIsInZlcnNpb24iOm51bGx9LCJ0ZndfZXhwZXJpbWVudHNfY29va2llX2V4cGlyYXRpb24iOnsiYnVja2V0IjoxMjA5NjAwLCJ2ZXJzaW9uIjpudWxsfSwidGZ3X3Nob3dfYmlyZHdhdGNoX3Bpdm90c19lbmFibGVkIjp7ImJ1Y2tldCI6Im9uIiwidmVyc2lvbiI6bnVsbH0sInRmd19kdXBsaWNhdGVfc2NyaWJlc190b19zZXR0aW5ncyI6eyJidWNrZXQiOiJvbiIsInZlcnNpb24iOm51bGx9LCJ0ZndfdXNlX3Byb2ZpbGVfaW1hZ2Vfc2hhcGVfZW5hYmxlZCI6eyJidWNrZXQiOiJvbiIsInZlcnNpb24iOm51bGx9LCJ0ZndfdmlkZW9faGxzX2R5bmFtaWNfbWFuaWZlc3RzXzE1MDgyIjp7ImJ1Y2tldCI6InRydWVfYml0cmF0ZSIsInZlcnNpb24iOm51bGx9LCJ0ZndfbGVnYWN5X3RpbWVsaW5lX3N1bnNldCI6eyJidWNrZXQiOnRydWUsInZlcnNpb24iOm51bGx9LCJ0ZndfdHdlZXRfZWRpdF9mcm9udGVuZCI6eyJidWNrZXQiOiJvbiIsInZlcnNpb24iOm51bGx9fQ%3D%3D&amp;frame=false&amp;hideCard=false&amp;hideThread=false&amp;id=1914282391306195416&amp;lang=es&amp;maxWidth=560px&amp;origin=https%3A%2F%2Fwww.informador.mx%2Fdeportes%2FEl-mundo-del-futbol-despide-con-carino-al-Papa-Francisco-20250421-0087.html&amp;sessionId=c8ac20222981d060f42b615107bb9579f4a3b2de&amp;siteScreenName=informador&amp;theme=light&amp;widgetsVersion=2615f7e52b7e0%3A1702314776716&amp;width=550px\" frameborder=\"0\" scrolling=\"no\" allowfullscreen=\"allowfullscreen\" data-gtm-yt-inspected-5=\"true\" data-tweet-id=\"1914282391306195416\" data-mce-fragment=\"1\"><\/iframe><\/div>\n<p><span class=\"item first\">\u00a0<\/span>\u00a0<span class=\"item second\">\u00a0<\/span>\u00a0<span class=\"item third\">\u00a0<\/span><\/div>\n<\/div>\n<h2>Boca Juniors<\/h2>\n<p>\u201cCon profundo respeto y admiraci\u00f3n despedimos al\u00a0<strong>Papa Francisco<\/strong>. Su humildad, cercan\u00eda y compromiso con los m\u00e1s necesitados dejaron una huella imborrable. Desde el\u00a0<strong>Club Atl\u00e9tico Boca Juniors\u00a0<\/strong>lo recordamos con cari\u00f1o y enviamos un fuerte abrazo a todos sus seguidores.<\/p>\n<p>QEPD, Francisco\u201d<\/p>\n<div>\n<div id=\"twitter-143\" class=\"ck-twitter\">\n<div class=\"twitter-tweet twitter-tweet-rendered\"><iframe id=\"twitter-widget-1\" class=\"\" title=\"X Post\" src=\"https:\/\/platform.twitter.com\/embed\/Tweet.html?creatorScreenName=CMS%20Medios&amp;dnt=false&amp;embedId=twitter-widget-1&amp;features=eyJ0ZndfdGltZWxpbmVfbGlzdCI6eyJidWNrZXQiOltdLCJ2ZXJzaW9uIjpudWxsfSwidGZ3X2ZvbGxvd2VyX2NvdW50X3N1bnNldCI6eyJidWNrZXQiOnRydWUsInZlcnNpb24iOm51bGx9LCJ0ZndfdHdlZXRfZWRpdF9iYWNrZW5kIjp7ImJ1Y2tldCI6Im9uIiwidmVyc2lvbiI6bnVsbH0sInRmd19yZWZzcmNfc2Vzc2lvbiI6eyJidWNrZXQiOiJvbiIsInZlcnNpb24iOm51bGx9LCJ0ZndfZm9zbnJfc29mdF9pbnRlcnZlbnRpb25zX2VuYWJsZWQiOnsiYnVja2V0Ijoib24iLCJ2ZXJzaW9uIjpudWxsfSwidGZ3X21peGVkX21lZGlhXzE1ODk3Ijp7ImJ1Y2tldCI6InRyZWF0bWVudCIsInZlcnNpb24iOm51bGx9LCJ0ZndfZXhwZXJpbWVudHNfY29va2llX2V4cGlyYXRpb24iOnsiYnVja2V0IjoxMjA5NjAwLCJ2ZXJzaW9uIjpudWxsfSwidGZ3X3Nob3dfYmlyZHdhdGNoX3Bpdm90c19lbmFibGVkIjp7ImJ1Y2tldCI6Im9uIiwidmVyc2lvbiI6bnVsbH0sInRmd19kdXBsaWNhdGVfc2NyaWJlc190b19zZXR0aW5ncyI6eyJidWNrZXQiOiJvbiIsInZlcnNpb24iOm51bGx9LCJ0ZndfdXNlX3Byb2ZpbGVfaW1hZ2Vfc2hhcGVfZW5hYmxlZCI6eyJidWNrZXQiOiJvbiIsInZlcnNpb24iOm51bGx9LCJ0ZndfdmlkZW9faGxzX2R5bmFtaWNfbWFuaWZlc3RzXzE1MDgyIjp7ImJ1Y2tldCI6InRydWVfYml0cmF0ZSIsInZlcnNpb24iOm51bGx9LCJ0ZndfbGVnYWN5X3RpbWVsaW5lX3N1bnNldCI6eyJidWNrZXQiOnRydWUsInZlcnNpb24iOm51bGx9LCJ0ZndfdHdlZXRfZWRpdF9mcm9udGVuZCI6eyJidWNrZXQiOiJvbiIsInZlcnNpb24iOm51bGx9fQ%3D%3D&amp;frame=false&amp;hideCard=false&amp;hideThread=false&amp;id=1914302868330250647&amp;lang=es&amp;origin=https%3A%2F%2Fwww.informador.mx%2Fdeportes%2FEl-mundo-del-futbol-despide-con-carino-al-Papa-Francisco-20250421-0087.html&amp;sessionId=c8ac20222981d060f42b615107bb9579f4a3b2de&amp;siteScreenName=informador&amp;theme=light&amp;widgetsVersion=2615f7e52b7e0%3A1702314776716&amp;width=550px\" frameborder=\"0\" scrolling=\"no\" allowfullscreen=\"allowfullscreen\" data-gtm-yt-inspected-5=\"true\" data-tweet-id=\"1914302868330250647\" data-mce-fragment=\"1\"><\/iframe><\/div>\n<p><span class=\"item first\">\u00a0<\/span>\u00a0<span class=\"item second\">\u00a0<\/span>\u00a0<span class=\"item third\">\u00a0<\/span><\/div>\n<\/div>\n<h2>Real Madrid<\/h2>\n<p>\u201cEl\u00a0<strong>Real Madrid C. F.<\/strong>, su presidente y su Junta Directiva lamentan profundamente el fallecimiento del\u00a0<strong>Papa Francisco<\/strong>.<\/p>\n<p>El\u00a0<strong>Real Madrid\u00a0<\/strong>quiere expresar sus condolencias a toda la comunidad cat\u00f3lica ante la p\u00e9rdida de una figura hist\u00f3rica y universal.<\/p>\n<p>Durante su pontificado, marcado por la dimensi\u00f3n de su gran legado, el\u00a0<strong>Papa Francisco\u00a0<\/strong>ha representado un enorme esp\u00edritu de solidaridad y apoyo a las personas m\u00e1s desfavorecidas y vulnerables.<\/p>\n<p>El\u00a0<strong>Papa Francisco\u00a0<\/strong>ha fallecido a los 88 a\u00f1os de edad. Descanse en paz\u201d.<\/p>\n","protected":false},"excerpt":{"rendered":"<p>El mundo del futbol, desde el coraz\u00f3n tapat\u00edo hasta las instituciones m\u00e1s grandes del planeta, se uni\u00f3 este lunes en un\u00a0emotivo adi\u00f3s a Su Santidad Francisco I,\u00a0quien falleci\u00f3 a los 88 a\u00f1os de edad.\u00a0Jorge Mario Bergoglio ser\u00e1 recordado no solo como un l\u00edder espiritual, sino tambi\u00e9n como un\u00a0apasionado del futbol, que encontr\u00f3 en su amado\u00a0San [&hellip;]<\/p>\n","protected":false},"author":2,"featured_media":215541,"comment_status":"closed","ping_status":"closed","sticky":false,"template":"","format":"standard","meta":{"footnotes":""},"categories":[188,12870],"tags":[5231,12865],"class_list":["post-215540","post","type-post","status-publish","format-standard","has-post-thumbnail","hentry","category-deportes","category-destacadas","tag-deportes","tag-destacadas"],"jetpack_featured_media_url":"https:\/\/rnoticias.com.mx\/Portal\/wp-content\/uploads\/2025\/04\/el-mundo-del-futbol-despidio-al-papa-francisco.webp","amp_enabled":true,"_links":{"self":[{"href":"https:\/\/rnoticias.com.mx\/Portal\/wp-json\/wp\/v2\/posts\/215540","targetHints":{"allow":["GET"]}}],"collection":[{"href":"https:\/\/rnoticias.com.mx\/Portal\/wp-json\/wp\/v2\/posts"}],"about":[{"href":"https:\/\/rnoticias.com.mx\/Portal\/wp-json\/wp\/v2\/types\/post"}],"author":[{"embeddable":true,"href":"https:\/\/rnoticias.com.mx\/Portal\/wp-json\/wp\/v2\/users\/2"}],"replies":[{"embeddable":true,"href":"https:\/\/rnoticias.com.mx\/Portal\/wp-json\/wp\/v2\/comments?post=215540"}],"version-history":[{"count":1,"href":"https:\/\/rnoticias.com.mx\/Portal\/wp-json\/wp\/v2\/posts\/215540\/revisions"}],"predecessor-version":[{"id":215542,"href":"https:\/\/rnoticias.com.mx\/Portal\/wp-json\/wp\/v2\/posts\/215540\/revisions\/215542"}],"wp:featuredmedia":[{"embeddable":true,"href":"https:\/\/rnoticias.com.mx\/Portal\/wp-json\/wp\/v2\/media\/215541"}],"wp:attachment":[{"href":"https:\/\/rnoticias.com.mx\/Portal\/wp-json\/wp\/v2\/media?parent=215540"}],"wp:term":[{"taxonomy":"category","embeddable":true,"href":"https:\/\/rnoticias.com.mx\/Portal\/wp-json\/wp\/v2\/categories?post=215540"},{"taxonomy":"post_tag","embeddable":true,"href":"https:\/\/rnoticias.com.mx\/Portal\/wp-json\/wp\/v2\/tags?post=215540"}],"curies":[{"name":"wp","href":"https:\/\/api.w.org\/{rel}","templated":true}]}}