{"id":215519,"date":"2025-04-21T15:57:47","date_gmt":"2025-04-21T15:57:47","guid":{"rendered":"https:\/\/rnoticias.com.mx\/Portal\/?p=215519"},"modified":"2025-04-21T15:57:47","modified_gmt":"2025-04-21T15:57:47","slug":"muere-el-papa-este-dia-llevaran-su-cuerpo-a-la-basilica-vaticana","status":"publish","type":"post","link":"https:\/\/rnoticias.com.mx\/Portal\/2025\/04\/21\/muere-el-papa-este-dia-llevaran-su-cuerpo-a-la-basilica-vaticana\/","title":{"rendered":"Muere el Papa; este d\u00eda llevar\u00e1n su cuerpo a la Bas\u00edlica vaticana"},"content":{"rendered":"<p><strong>El Papa Francisco muri\u00f3 en el Vaticano<\/strong>\u00a0y comienzan los preparativos para su funeral en la Bas\u00edlica de San Pedro.<\/p>\n<p><mark><strong>El traslado del cuerpo del Papa Francisco, que falleci\u00f3 este lunes a los 88 a\u00f1os, a la bas\u00edlica Vaticana para el homenaje de todos los fieles podr\u00eda tener lugar ya este mi\u00e9rcoles 23 de abril<\/strong><\/mark>, inform\u00f3 la oficina de prensa del Vaticano.<\/p>\n<p><mark><strong>Las modalidades y la confirmaci\u00f3n del traslado a la bas\u00edlica del cuerpo para su exposici\u00f3n ante los fieles desde la capilla de la Casa Santa Marta, donde residi\u00f3 Francisco, se establecer\u00e1n y comunicar\u00e1n ma\u00f1ana<\/strong><\/mark>, despu\u00e9s de la primera Congregaci\u00f3n de los Cardenales, a\u00f1adi\u00f3 una nota del Vaticano.<\/p>\n<p>En las congregaciones de\u00a0<strong>los cardenales, que desde hoy han sido llamados a Roma para participar a estas reuniones preparatorias, tendr\u00e1n que elegir las fechas para el funeral y para el inicio del c\u00f3nclave<\/strong>.<\/p>\n<p><strong>Francisco ser\u00e1 expuesto como los Papas anteriores frente el baldaquino de San Pedro, aunque el pont\u00edfice argentino dej\u00f3 algunas disposiciones diferentes para su funeral<\/strong>, como se lee en la nueva edici\u00f3n del\u00a0<i>\u201cOrdo Exsequiarum Romani Pontificis\u201d<\/i>.<\/p>\n<p><mark><strong>Se mantienen las llamadas &#8220;tres estaciones&#8221;, los pasos tras la muerte de un Pont\u00edfice<\/strong><\/mark>, aunque en la primera se indica que la constataci\u00f3n de la muerte se realizar\u00e1 en su capilla privada, en lugar de en la habitaci\u00f3n e inmediatamente el cuerpo se depositar\u00e1 en el \u00fanico ata\u00fad de madera con el interior de zinc, antes de ser trasladado directamente a la bas\u00edlica.<\/p>\n<p><strong>Anteriormente, el cuerpo del Papa se trasladaba a la capilla del Palacio Apost\u00f3lico, ya que all\u00ed resid\u00eda el Pont\u00edfice, pero Francisco viv\u00eda en la residencia de la Casa Santa Marta, por lo que se ha eliminado este paso<\/strong>.<\/p>\n<p>Tambi\u00e9n se han precisado algunos pasajes de la llamada segunda estaci\u00f3n: puesto que la deposici\u00f3n en el f\u00e9retro ya ha tenido lugar tras la constataci\u00f3n de la muerte, el f\u00e9retro se cierra la v\u00edspera de la misa exequial.<\/p>\n<p><strong>En la bas\u00edlica vaticana, el cuerpo del Papa difunto se expone directamente en el f\u00e9retro abierto, pero no en un catafalco como hab\u00eda sido hasta ahora\u00a0<\/strong>y tampoco se colocar\u00e1 el b\u00e1culo papal junto al f\u00e9retro durante esta exposici\u00f3n.<\/p>\n<p>Por \u00faltimo, en la tercera estaci\u00f3n, que incluye el traslado del f\u00e9retro al sepulcro y el entierro, se elimina la tradici\u00f3n de enterrar a los papas en tres ata\u00fades: &#8220;uno de cipr\u00e9s, un segundo de plomo y un tercero de roble y otro de madera&#8221;.<\/p>\n","protected":false},"excerpt":{"rendered":"<p>El Papa Francisco muri\u00f3 en el Vaticano\u00a0y comienzan los preparativos para su funeral en la Bas\u00edlica de San Pedro. El traslado del cuerpo del Papa Francisco, que falleci\u00f3 este lunes a los 88 a\u00f1os, a la bas\u00edlica Vaticana para el homenaje de todos los fieles podr\u00eda tener lugar ya este mi\u00e9rcoles 23 de abril, inform\u00f3 [&hellip;]<\/p>\n","protected":false},"author":2,"featured_media":215520,"comment_status":"closed","ping_status":"closed","sticky":false,"template":"","format":"standard","meta":{"footnotes":""},"categories":[12870,182],"tags":[12865,12871],"class_list":["post-215519","post","type-post","status-publish","format-standard","has-post-thumbnail","hentry","category-destacadas","category-internacional","tag-destacadas","tag-internacional"],"jetpack_featured_media_url":"https:\/\/rnoticias.com.mx\/Portal\/wp-content\/uploads\/2025\/04\/Papa-Francisco-muerte.jpeg","amp_enabled":true,"_links":{"self":[{"href":"https:\/\/rnoticias.com.mx\/Portal\/wp-json\/wp\/v2\/posts\/215519","targetHints":{"allow":["GET"]}}],"collection":[{"href":"https:\/\/rnoticias.com.mx\/Portal\/wp-json\/wp\/v2\/posts"}],"about":[{"href":"https:\/\/rnoticias.com.mx\/Portal\/wp-json\/wp\/v2\/types\/post"}],"author":[{"embeddable":true,"href":"https:\/\/rnoticias.com.mx\/Portal\/wp-json\/wp\/v2\/users\/2"}],"replies":[{"embeddable":true,"href":"https:\/\/rnoticias.com.mx\/Portal\/wp-json\/wp\/v2\/comments?post=215519"}],"version-history":[{"count":1,"href":"https:\/\/rnoticias.com.mx\/Portal\/wp-json\/wp\/v2\/posts\/215519\/revisions"}],"predecessor-version":[{"id":215521,"href":"https:\/\/rnoticias.com.mx\/Portal\/wp-json\/wp\/v2\/posts\/215519\/revisions\/215521"}],"wp:featuredmedia":[{"embeddable":true,"href":"https:\/\/rnoticias.com.mx\/Portal\/wp-json\/wp\/v2\/media\/215520"}],"wp:attachment":[{"href":"https:\/\/rnoticias.com.mx\/Portal\/wp-json\/wp\/v2\/media?parent=215519"}],"wp:term":[{"taxonomy":"category","embeddable":true,"href":"https:\/\/rnoticias.com.mx\/Portal\/wp-json\/wp\/v2\/categories?post=215519"},{"taxonomy":"post_tag","embeddable":true,"href":"https:\/\/rnoticias.com.mx\/Portal\/wp-json\/wp\/v2\/tags?post=215519"}],"curies":[{"name":"wp","href":"https:\/\/api.w.org\/{rel}","templated":true}]}}