{"id":215512,"date":"2025-04-21T04:10:38","date_gmt":"2025-04-21T04:10:38","guid":{"rendered":"https:\/\/rnoticias.com.mx\/Portal\/?p=215512"},"modified":"2025-04-21T04:10:38","modified_gmt":"2025-04-21T04:10:38","slug":"modifica-ine-reglamentos-en-materia-de-transparencia-y-acceso-a-la-informacion-publica","status":"publish","type":"post","link":"https:\/\/rnoticias.com.mx\/Portal\/2025\/04\/21\/modifica-ine-reglamentos-en-materia-de-transparencia-y-acceso-a-la-informacion-publica\/","title":{"rendered":"Modifica INE reglamentos en materia de transparencia y acceso a la informaci\u00f3n p\u00fablica"},"content":{"rendered":"<p><span data-olk-copy-source=\"MessageBody\">El Consejo General (CG) del Instituto Nacional Electoral (INE) aprob\u00f3 reformas y adiciones a los reglamentos interior, en materia de transparencia y acceso a la informaci\u00f3n p\u00fablica y en materia de protecci\u00f3n de datos personales, derivado del decreto de reforma publicado en el Diario Oficial de la Federaci\u00f3n, el pasado 20 de marzo de 2025.<\/span><\/p>\n<p>Con esto, se introducen dos instancias que tendr\u00e1n competencia para conocer de los asuntos relacionados con el acceso a la informaci\u00f3n p\u00fablica y la protecci\u00f3n de datos personales a cargo de los partidos pol\u00edticos. En principio, una Comisi\u00f3n integrada por consejer\u00edas y en segunda instancia, el CG que conocer\u00e1 de los recursos de revisi\u00f3n que interpongan los particulares respecto de las resoluciones de los partidos pol\u00edticos en los t\u00e9rminos que establezca la ley.<\/p>\n<p>Al observar el contenido de la reforma, la nueva autoridad garante de transparencia y protecci\u00f3n de datos personales para partidos pol\u00edticos nacionales deber\u00e1 tutelar, conocer y garantizar que \u00e9stos cumplan con sus obligaciones en materia de transparencia, el acceso a la informaci\u00f3n que generan y detentan, as\u00ed como el ejercicio del derecho de acceso, rectificaci\u00f3n, cancelaci\u00f3n, oposici\u00f3n y portabilidad de datos personales.<\/p>\n<p>Lo anterior, con el objeto de que las decisiones que se aprueben sean apegadas a los principios que rigen la funci\u00f3n electoral, as\u00ed como en materia de transparencia, acceso a la informaci\u00f3n y protecci\u00f3n de datos personales.<\/p>\n<p>De este modo, el INE realizar\u00e1 sus funciones de autoridad garante a trav\u00e9s de la Comisi\u00f3n de Transparencia, Acceso a la Informaci\u00f3n y Protecci\u00f3n de Datos Personales, de conformidad a lo establecido por el art\u00edculo 10 del Reglamento de Comisiones.<\/p>\n<p>El acuerdo concluye que encomendar al Consejo General esta funci\u00f3n no s\u00f3lo se ajusta a sus atribuciones constitucionales y legales, sino que tambi\u00e9n permite consolidar un modelo institucional que garantiza certeza, coherencia normativa y rendici\u00f3n de cuentas.<\/p>\n<p>Adem\u00e1s, su car\u00e1cter colegiado y plural, as\u00ed como su experiencia en la emisi\u00f3n de criterios regulatorios aplicables a los partidos pol\u00edticos, lo convierten en el \u00f3rgano m\u00e1s apto para asumir esta responsabilidad, asegurando que las decisiones en la materia se adopten con imparcialidad, t\u00e9cnica jur\u00eddica y legitimidad democr\u00e1tica.<\/p>\n<p>De la misma manera, atendiendo el nuevo dise\u00f1o del Sistema Nacional de Acceso a la Informaci\u00f3n P\u00fablica, el Instituto a trav\u00e9s de su Presidencia quedar\u00e1 incorporado al sistema para darle funcionamiento y, por otra parte, se establecieron los ajustes y lineamientos pertinentes en los que se mandat\u00f3 que el \u00d3rgano Interno de Control (OIC) ser\u00e1 el garante de la transparencia del INE.<\/p>\n<p>Previamente, en sesi\u00f3n extraordinaria del Proceso Electoral Extraordinario para la elecci\u00f3n de diversos cargos del Poder Judicial de la Federaci\u00f3n (PEEPJF) 2024-2025, el pleno dio respuesta a dos consultas hechas por candidaturas, en acatamiento a sentencias dictadas por la Sala Superior del Tribunal Electoral del Poder Judicial de la Federaci\u00f3n (TEPJF).<\/p>\n","protected":false},"excerpt":{"rendered":"<p>El Consejo General (CG) del Instituto Nacional Electoral (INE) aprob\u00f3 reformas y adiciones a los reglamentos interior, en materia de transparencia y acceso a la informaci\u00f3n p\u00fablica y en materia de protecci\u00f3n de datos personales, derivado del decreto de reforma publicado en el Diario Oficial de la Federaci\u00f3n, el pasado 20 de marzo de 2025. [&hellip;]<\/p>\n","protected":false},"author":2,"featured_media":215513,"comment_status":"closed","ping_status":"closed","sticky":false,"template":"","format":"standard","meta":{"footnotes":""},"categories":[12870,172],"tags":[12865,12874],"class_list":["post-215512","post","type-post","status-publish","format-standard","has-post-thumbnail","hentry","category-destacadas","category-nacional","tag-destacadas","tag-nacional"],"jetpack_featured_media_url":"https:\/\/rnoticias.com.mx\/Portal\/wp-content\/uploads\/2025\/04\/INE-2-2.jpg","amp_enabled":true,"_links":{"self":[{"href":"https:\/\/rnoticias.com.mx\/Portal\/wp-json\/wp\/v2\/posts\/215512","targetHints":{"allow":["GET"]}}],"collection":[{"href":"https:\/\/rnoticias.com.mx\/Portal\/wp-json\/wp\/v2\/posts"}],"about":[{"href":"https:\/\/rnoticias.com.mx\/Portal\/wp-json\/wp\/v2\/types\/post"}],"author":[{"embeddable":true,"href":"https:\/\/rnoticias.com.mx\/Portal\/wp-json\/wp\/v2\/users\/2"}],"replies":[{"embeddable":true,"href":"https:\/\/rnoticias.com.mx\/Portal\/wp-json\/wp\/v2\/comments?post=215512"}],"version-history":[{"count":1,"href":"https:\/\/rnoticias.com.mx\/Portal\/wp-json\/wp\/v2\/posts\/215512\/revisions"}],"predecessor-version":[{"id":215514,"href":"https:\/\/rnoticias.com.mx\/Portal\/wp-json\/wp\/v2\/posts\/215512\/revisions\/215514"}],"wp:featuredmedia":[{"embeddable":true,"href":"https:\/\/rnoticias.com.mx\/Portal\/wp-json\/wp\/v2\/media\/215513"}],"wp:attachment":[{"href":"https:\/\/rnoticias.com.mx\/Portal\/wp-json\/wp\/v2\/media?parent=215512"}],"wp:term":[{"taxonomy":"category","embeddable":true,"href":"https:\/\/rnoticias.com.mx\/Portal\/wp-json\/wp\/v2\/categories?post=215512"},{"taxonomy":"post_tag","embeddable":true,"href":"https:\/\/rnoticias.com.mx\/Portal\/wp-json\/wp\/v2\/tags?post=215512"}],"curies":[{"name":"wp","href":"https:\/\/api.w.org\/{rel}","templated":true}]}}