{"id":215491,"date":"2025-04-21T03:51:53","date_gmt":"2025-04-21T03:51:53","guid":{"rendered":"https:\/\/rnoticias.com.mx\/Portal\/?p=215491"},"modified":"2025-04-21T03:51:53","modified_gmt":"2025-04-21T03:51:53","slug":"cierra-con-exito-concurso-de-fotografia-el-sol-del-desierto","status":"publish","type":"post","link":"https:\/\/rnoticias.com.mx\/Portal\/2025\/04\/21\/cierra-con-exito-concurso-de-fotografia-el-sol-del-desierto\/","title":{"rendered":"Cierra con \u00e9xito Concurso de Fotograf\u00eda \u201cEl Sol del Desierto\u201d"},"content":{"rendered":"<p><b data-olk-copy-source=\"MessageBody\">Hermosillo, Sonora, 20 de abril, 2025.-\u00a0<\/b>Fueron 146 personas las que respondieron a la convocatoria para tomar una fotograf\u00eda que mostrara la belleza del \u00e1rbol Palo Verde en el concurso \u201cEl Sol del Desierto\u201d, por las que ya se puede empezar a votar, inform\u00f3 Marianna Gonz\u00e1lez Gast\u00e9lum, Directora General del Instituto Municipal de Cultura y Arte (IMCA).<\/p>\n<p>Dijo que en este concurso la protagonista es la flor amarilla del \u00e1rbol que en esta \u00e9poca del a\u00f1o decora las principales avenidas y calles de Hermosillo y la embellecen.<\/p>\n<p>Gonz\u00e1lez Gast\u00e9lum explic\u00f3 que se pod\u00eda retratar al \u00e1rbol y sus flores en su entorno natural, en detalle junto a la fauna local o en contextos urbanos como los camellones donde han sido plantados por el Gobierno Municipal.<\/p>\n<p>Las fotograf\u00edas concursantes fueron publicadas en las redes oficiales del Ayuntamiento de Hermosillo este domingo 20 de abril, el ganador ser\u00e1 el que alcance el mayor n\u00famero de \u201clikes\u201d org\u00e1nicos del domingo 20 al lunes 21 de abril. Las votaciones se cierran el lunes 21 de abril a las 23:59 horas.<\/p>\n<p>El resultado de la persona ganadora se dar\u00e1 a conocer el martes 22 de abril, quien recibir\u00e1 un premio de 5 mil pesos y adem\u00e1s las 30 mejores fotograf\u00edas ser\u00e1n exhibidas en una exposici\u00f3n temporal en Palacio Municipal de Hermosillo.<\/p>\n","protected":false},"excerpt":{"rendered":"<p>Hermosillo, Sonora, 20 de abril, 2025.-\u00a0Fueron 146 personas las que respondieron a la convocatoria para tomar una fotograf\u00eda que mostrara la belleza del \u00e1rbol Palo Verde en el concurso \u201cEl Sol del Desierto\u201d, por las que ya se puede empezar a votar, inform\u00f3 Marianna Gonz\u00e1lez Gast\u00e9lum, Directora General del Instituto Municipal de Cultura y Arte [&hellip;]<\/p>\n","protected":false},"author":2,"featured_media":215492,"comment_status":"closed","ping_status":"closed","sticky":false,"template":"","format":"standard","meta":{"footnotes":""},"categories":[12870,178],"tags":[12865,12869],"class_list":["post-215491","post","type-post","status-publish","format-standard","has-post-thumbnail","hentry","category-destacadas","category-local","tag-destacadas","tag-local"],"jetpack_featured_media_url":"https:\/\/rnoticias.com.mx\/Portal\/wp-content\/uploads\/2025\/04\/Cierra-con-exito-Concurso-de-Fotografia-El-Sol-del-Desierto2.jpg","amp_enabled":true,"_links":{"self":[{"href":"https:\/\/rnoticias.com.mx\/Portal\/wp-json\/wp\/v2\/posts\/215491","targetHints":{"allow":["GET"]}}],"collection":[{"href":"https:\/\/rnoticias.com.mx\/Portal\/wp-json\/wp\/v2\/posts"}],"about":[{"href":"https:\/\/rnoticias.com.mx\/Portal\/wp-json\/wp\/v2\/types\/post"}],"author":[{"embeddable":true,"href":"https:\/\/rnoticias.com.mx\/Portal\/wp-json\/wp\/v2\/users\/2"}],"replies":[{"embeddable":true,"href":"https:\/\/rnoticias.com.mx\/Portal\/wp-json\/wp\/v2\/comments?post=215491"}],"version-history":[{"count":1,"href":"https:\/\/rnoticias.com.mx\/Portal\/wp-json\/wp\/v2\/posts\/215491\/revisions"}],"predecessor-version":[{"id":215493,"href":"https:\/\/rnoticias.com.mx\/Portal\/wp-json\/wp\/v2\/posts\/215491\/revisions\/215493"}],"wp:featuredmedia":[{"embeddable":true,"href":"https:\/\/rnoticias.com.mx\/Portal\/wp-json\/wp\/v2\/media\/215492"}],"wp:attachment":[{"href":"https:\/\/rnoticias.com.mx\/Portal\/wp-json\/wp\/v2\/media?parent=215491"}],"wp:term":[{"taxonomy":"category","embeddable":true,"href":"https:\/\/rnoticias.com.mx\/Portal\/wp-json\/wp\/v2\/categories?post=215491"},{"taxonomy":"post_tag","embeddable":true,"href":"https:\/\/rnoticias.com.mx\/Portal\/wp-json\/wp\/v2\/tags?post=215491"}],"curies":[{"name":"wp","href":"https:\/\/api.w.org\/{rel}","templated":true}]}}