{"id":215488,"date":"2025-04-21T03:50:57","date_gmt":"2025-04-21T03:50:57","guid":{"rendered":"https:\/\/rnoticias.com.mx\/Portal\/?p=215488"},"modified":"2025-04-21T03:50:57","modified_gmt":"2025-04-21T03:50:57","slug":"gobernador-durazo-fortalece-raices-y-cultura-de-pueblos-originarios-en-semana-santa","status":"publish","type":"post","link":"https:\/\/rnoticias.com.mx\/Portal\/2025\/04\/21\/gobernador-durazo-fortalece-raices-y-cultura-de-pueblos-originarios-en-semana-santa\/","title":{"rendered":"Gobernador Durazo fortalece ra\u00edces y cultura de pueblos originarios en Semana Santa"},"content":{"rendered":"<p align=\"left\">Hermosillo, Sonora; 20 de abril de 2025.- Con los Planes de Justicia Yaqui, Seri-Comca&#8217;ac, Guarij\u00edo-Makurawe y Yoreme-Mayo impulsados por el gobernador Alfonso Durazo Monta\u00f1o, con el respaldo del Gobierno de M\u00e9xico, se preservan las tradiciones de los pueblos ind\u00edgenas como atractivos principales en Semana Santa.<\/p>\n<p align=\"left\">El mandatario sonorense indic\u00f3 que las acciones concretadas en los Planes de Justicia de los pueblos originarios son resultado del trabajo conjunto entre el gobierno y autoridades tradicionales, en la b\u00fasqueda de restablecer sus derechos sobre el uso de tierra, agua y garantizar servicios de salud y educaci\u00f3n, contribuyendo a su desarrollo integral.<\/p>\n<p align=\"left\">\u201cVamos a dar continuidad a esta relaci\u00f3n de trabajo de colaboraci\u00f3n con las autoridades tradicionales y comunitarias, con el fin de garantizar justicia y bienestar com\u00fan y reparar los agravios e injusticias hist\u00f3ricas cometidas contra los pueblos, para que puedan continuar con sus tradiciones, sobre todo, en esta Semana Santa\u201d, asegur\u00f3.<\/p>\n<p align=\"left\">Los Yaquis celebran la Semana Santa con las Ramadas, adem\u00e1s de una serie de eventos donde los fariseos incluyen danzas, tambores y el uso de m\u00e1scaras que posteriormente queman en un ritual que simboliza la purificaci\u00f3n de sus pecados.<\/p>\n<p align=\"left\">Entre las actividades de la comunidad Comc\u00e1ac destacan los tours guiados, paseos en lancha y kayak con visitas a la Isla del Tibur\u00f3n, donde se realizan limpias de sanaci\u00f3n y reuniones con cantos y pintura.<\/p>\n<p align=\"left\">Los guarij\u00edos viven esta temporada vacacional con ceremonias, cantos y bailes tradicionales. Mientras que los Yoreme-Mayo realizan procesiones recreando la pasi\u00f3n y muerte de Jesucristo, combinando danzas y cantos.<\/p>\n","protected":false},"excerpt":{"rendered":"<p>Hermosillo, Sonora; 20 de abril de 2025.- Con los Planes de Justicia Yaqui, Seri-Comca&#8217;ac, Guarij\u00edo-Makurawe y Yoreme-Mayo impulsados por el gobernador Alfonso Durazo Monta\u00f1o, con el respaldo del Gobierno de M\u00e9xico, se preservan las tradiciones de los pueblos ind\u00edgenas como atractivos principales en Semana Santa. El mandatario sonorense indic\u00f3 que las acciones concretadas en los [&hellip;]<\/p>\n","protected":false},"author":2,"featured_media":215489,"comment_status":"closed","ping_status":"closed","sticky":false,"template":"","format":"standard","meta":{"footnotes":""},"categories":[12870,178],"tags":[12865,12869],"class_list":["post-215488","post","type-post","status-publish","format-standard","has-post-thumbnail","hentry","category-destacadas","category-local","tag-destacadas","tag-local"],"jetpack_featured_media_url":"https:\/\/rnoticias.com.mx\/Portal\/wp-content\/uploads\/2025\/04\/unnamed-4-1.jpg","amp_enabled":true,"_links":{"self":[{"href":"https:\/\/rnoticias.com.mx\/Portal\/wp-json\/wp\/v2\/posts\/215488","targetHints":{"allow":["GET"]}}],"collection":[{"href":"https:\/\/rnoticias.com.mx\/Portal\/wp-json\/wp\/v2\/posts"}],"about":[{"href":"https:\/\/rnoticias.com.mx\/Portal\/wp-json\/wp\/v2\/types\/post"}],"author":[{"embeddable":true,"href":"https:\/\/rnoticias.com.mx\/Portal\/wp-json\/wp\/v2\/users\/2"}],"replies":[{"embeddable":true,"href":"https:\/\/rnoticias.com.mx\/Portal\/wp-json\/wp\/v2\/comments?post=215488"}],"version-history":[{"count":1,"href":"https:\/\/rnoticias.com.mx\/Portal\/wp-json\/wp\/v2\/posts\/215488\/revisions"}],"predecessor-version":[{"id":215490,"href":"https:\/\/rnoticias.com.mx\/Portal\/wp-json\/wp\/v2\/posts\/215488\/revisions\/215490"}],"wp:featuredmedia":[{"embeddable":true,"href":"https:\/\/rnoticias.com.mx\/Portal\/wp-json\/wp\/v2\/media\/215489"}],"wp:attachment":[{"href":"https:\/\/rnoticias.com.mx\/Portal\/wp-json\/wp\/v2\/media?parent=215488"}],"wp:term":[{"taxonomy":"category","embeddable":true,"href":"https:\/\/rnoticias.com.mx\/Portal\/wp-json\/wp\/v2\/categories?post=215488"},{"taxonomy":"post_tag","embeddable":true,"href":"https:\/\/rnoticias.com.mx\/Portal\/wp-json\/wp\/v2\/tags?post=215488"}],"curies":[{"name":"wp","href":"https:\/\/api.w.org\/{rel}","templated":true}]}}