{"id":215479,"date":"2025-04-21T03:46:31","date_gmt":"2025-04-21T03:46:31","guid":{"rendered":"https:\/\/rnoticias.com.mx\/Portal\/?p=215479"},"modified":"2025-04-21T03:46:31","modified_gmt":"2025-04-21T03:46:31","slug":"realizan-ritual-de-quema-de-mascaras-en-ramadas-de-la-etnia-yaqui","status":"publish","type":"post","link":"https:\/\/rnoticias.com.mx\/Portal\/2025\/04\/21\/realizan-ritual-de-quema-de-mascaras-en-ramadas-de-la-etnia-yaqui\/","title":{"rendered":"Realizan ritual de quema de m\u00e1scaras en ramadas de la etnia Yaqui"},"content":{"rendered":"<p><b><span lang=\"ES\" data-olk-copy-source=\"MessageBody\">Hermosillo, Sonora; 20 de abril, 2025.-<\/span><\/b><span lang=\"ES\">\u00a0Miles de personas se reunieron a presenciar con emoci\u00f3n el ritual de quema de m\u00e1scaras en las ramadas que se instalaron por parte de la conunidad Yaqui de Hermosillo durante esta Cuaresma.<\/span><\/p>\n<p><span lang=\"ES\">\u00a0<\/span>El Ayuntamiento de Hermosillo, a trav\u00e9s del Instituto Municipal de Cultura y Arte (IMCA), busca apoyar las actividades de las comunidades de la etnia Yaqui para fortalecer y que sigan vigentes las tradiciones de la Cuaresma y Semana Santa.<\/p>\n<p><span lang=\"ES\">\u00a0<\/span>La celebraci\u00f3n de la Cuaresma Yaqui se llev\u00f3 a cabo en las ramadas Coloso Alto, Coloso Bajo, El Ranchito, La Matanza, Revoluci\u00f3n, Amapolas, Sant\u00edsima Trinidad, San Juan, San Judas Tadeo y Sant\u00edsimo de Dolores, donde se realizar\u00e1n los mismos rituales de forma simult\u00e1nea.<\/p>\n<p><span lang=\"ES\">\u00a0<\/span>Todas las actividades fueron disfrutadas por hermosillenses y visitantes, quienes fueron invitados a unirse a la celebraci\u00f3n y conocer las tradiciones y representaciones culturales como las de danza de Pascola, Matach\u00edn y Venado.<\/p>\n<p><span lang=\"ES\">\u00a0<\/span>Adem\u00e1s, presenciaron el recibimiento de fariseos y velaci\u00f3n de palma, el ritual de quema de m\u00e1scaras y la celebraci\u00f3n de la Gloria Chica (representaci\u00f3n de la pasi\u00f3n de Cristo y la Cuaresma).<\/p>\n<p><span lang=\"ES\">\u00a0<\/span>Tambi\u00e9n pudieron degustar platillos tradicionales como wakabaki y carne con chile con tortillas de agua, entre otros.<\/p>\n","protected":false},"excerpt":{"rendered":"<p>Hermosillo, Sonora; 20 de abril, 2025.-\u00a0Miles de personas se reunieron a presenciar con emoci\u00f3n el ritual de quema de m\u00e1scaras en las ramadas que se instalaron por parte de la conunidad Yaqui de Hermosillo durante esta Cuaresma. \u00a0El Ayuntamiento de Hermosillo, a trav\u00e9s del Instituto Municipal de Cultura y Arte (IMCA), busca apoyar las actividades [&hellip;]<\/p>\n","protected":false},"author":2,"featured_media":215480,"comment_status":"closed","ping_status":"closed","sticky":false,"template":"","format":"standard","meta":{"footnotes":""},"categories":[12870,178],"tags":[12865,12869],"class_list":["post-215479","post","type-post","status-publish","format-standard","has-post-thumbnail","hentry","category-destacadas","category-local","tag-destacadas","tag-local"],"jetpack_featured_media_url":"https:\/\/rnoticias.com.mx\/Portal\/wp-content\/uploads\/2025\/04\/Realizan-ritual-de-quema-de-mascaras-en-ramadas-de-la-etnia-Yaqui-1-scaled.jpeg","amp_enabled":true,"_links":{"self":[{"href":"https:\/\/rnoticias.com.mx\/Portal\/wp-json\/wp\/v2\/posts\/215479","targetHints":{"allow":["GET"]}}],"collection":[{"href":"https:\/\/rnoticias.com.mx\/Portal\/wp-json\/wp\/v2\/posts"}],"about":[{"href":"https:\/\/rnoticias.com.mx\/Portal\/wp-json\/wp\/v2\/types\/post"}],"author":[{"embeddable":true,"href":"https:\/\/rnoticias.com.mx\/Portal\/wp-json\/wp\/v2\/users\/2"}],"replies":[{"embeddable":true,"href":"https:\/\/rnoticias.com.mx\/Portal\/wp-json\/wp\/v2\/comments?post=215479"}],"version-history":[{"count":1,"href":"https:\/\/rnoticias.com.mx\/Portal\/wp-json\/wp\/v2\/posts\/215479\/revisions"}],"predecessor-version":[{"id":215481,"href":"https:\/\/rnoticias.com.mx\/Portal\/wp-json\/wp\/v2\/posts\/215479\/revisions\/215481"}],"wp:featuredmedia":[{"embeddable":true,"href":"https:\/\/rnoticias.com.mx\/Portal\/wp-json\/wp\/v2\/media\/215480"}],"wp:attachment":[{"href":"https:\/\/rnoticias.com.mx\/Portal\/wp-json\/wp\/v2\/media?parent=215479"}],"wp:term":[{"taxonomy":"category","embeddable":true,"href":"https:\/\/rnoticias.com.mx\/Portal\/wp-json\/wp\/v2\/categories?post=215479"},{"taxonomy":"post_tag","embeddable":true,"href":"https:\/\/rnoticias.com.mx\/Portal\/wp-json\/wp\/v2\/tags?post=215479"}],"curies":[{"name":"wp","href":"https:\/\/api.w.org\/{rel}","templated":true}]}}