{"id":215473,"date":"2025-04-21T03:41:10","date_gmt":"2025-04-21T03:41:10","guid":{"rendered":"https:\/\/rnoticias.com.mx\/Portal\/?p=215473"},"modified":"2025-04-21T03:41:10","modified_gmt":"2025-04-21T03:41:10","slug":"impulsa-gobernador-durazo-proyeccion-nacional-de-sonora-en-la-feria-de-san-marcos-2025","status":"publish","type":"post","link":"https:\/\/rnoticias.com.mx\/Portal\/2025\/04\/21\/impulsa-gobernador-durazo-proyeccion-nacional-de-sonora-en-la-feria-de-san-marcos-2025\/","title":{"rendered":"Impulsa Gobernador Durazo proyecci\u00f3n nacional de Sonora en la Feria de San Marcos 2025"},"content":{"rendered":"<p align=\"left\">Aguascalientes, Aguascalientes; 20 de abril de 2025.- El gobernador Alfonso Durazo Monta\u00f1o celebr\u00f3 el inicio de la participaci\u00f3n de Sonora como estado invitado de honor en la Feria Nacional de San Marcos 2025, considerada la m\u00e1s importante del pa\u00eds, donde del 19 de abril al 11 de mayo se mostrar\u00e1 con orgullo lo mejor de la identidad sonorense.<\/p>\n<p align=\"left\">En representaci\u00f3n del mandatario estatal, el secretario de Econom\u00eda y Turismo, Roberto Gradillas Pineda, en representaci\u00f3n del mandatario estatal, acompa\u00f1\u00f3 a la gobernadora de Aguascalientes, Mar\u00eda Teresa Jim\u00e9nez Esquivel, y al presidente del Patronato de la Feria, Jos\u00e9 \u00c1ngel Gonz\u00e1lez Serna, en la ceremonia inaugural, destacando esta oportunidad como una plataforma para proyectar a Sonora en el plano nacional e internacional.<\/p>\n<p align=\"left\">A trav\u00e9s de la Casa Sonora, un pabell\u00f3n lleno de tradici\u00f3n, color y cultura, las y los asistentes podr\u00e1n conocer la riqueza natural, art\u00edstica, gastron\u00f3mica y cultural de la entidad. Entre sus principales atractivos destacan la presencia de pueblos originarios, ciclo de cine sonorense, galer\u00eda fotogr\u00e1fica, y exhibiciones de talabarter\u00eda, arte en palo fierro y artesan\u00edas tradicionales.<\/p>\n<p align=\"left\">La participaci\u00f3n de Sonora en esta feria representa un esfuerzo integral para promover sus principales destinos tur\u00edsticos y productos regionales, aprovechando el momento hist\u00f3rico que vive la entidad en materia de desarrollo econ\u00f3mico, cultural y tur\u00edstico.<\/p>\n<p align=\"left\">El gobernador Durazo ha consolidado a Sonora como un referente cultural y gastron\u00f3mico del pa\u00eds, al ser invitado a eventos nacionales e internacionales como la 51\u00aa edici\u00f3n del Festival Internacional Cervantino, en el Complejo Cultural Los Pinos; la 34\u00aa Feria Internacional del Libro de Antropolog\u00eda e Historia, en la Ciudad de M\u00e9xico; el 30\u00ba Festival Miquixtli, en Morelos; el Festival Revuelo Revoltoso 2024, en la Ciudad de M\u00e9xico; el Tercer Festival Cultural Latinoamericano, en La Paz; el Festival Cultural Sinaloa 2024, en varios municipios de ese estado; y, el pr\u00f3ximo a\u00f1o, en la Feria Internacional del Libro del Palacio de Miner\u00eda.<\/p>\n","protected":false},"excerpt":{"rendered":"<p>Aguascalientes, Aguascalientes; 20 de abril de 2025.- El gobernador Alfonso Durazo Monta\u00f1o celebr\u00f3 el inicio de la participaci\u00f3n de Sonora como estado invitado de honor en la Feria Nacional de San Marcos 2025, considerada la m\u00e1s importante del pa\u00eds, donde del 19 de abril al 11 de mayo se mostrar\u00e1 con orgullo lo mejor de [&hellip;]<\/p>\n","protected":false},"author":2,"featured_media":215474,"comment_status":"closed","ping_status":"closed","sticky":false,"template":"","format":"standard","meta":{"footnotes":""},"categories":[12870,178],"tags":[12865,12869],"class_list":["post-215473","post","type-post","status-publish","format-standard","has-post-thumbnail","hentry","category-destacadas","category-local","tag-destacadas","tag-local"],"jetpack_featured_media_url":"https:\/\/rnoticias.com.mx\/Portal\/wp-content\/uploads\/2025\/04\/unnamed-19-10.jpg","amp_enabled":true,"_links":{"self":[{"href":"https:\/\/rnoticias.com.mx\/Portal\/wp-json\/wp\/v2\/posts\/215473","targetHints":{"allow":["GET"]}}],"collection":[{"href":"https:\/\/rnoticias.com.mx\/Portal\/wp-json\/wp\/v2\/posts"}],"about":[{"href":"https:\/\/rnoticias.com.mx\/Portal\/wp-json\/wp\/v2\/types\/post"}],"author":[{"embeddable":true,"href":"https:\/\/rnoticias.com.mx\/Portal\/wp-json\/wp\/v2\/users\/2"}],"replies":[{"embeddable":true,"href":"https:\/\/rnoticias.com.mx\/Portal\/wp-json\/wp\/v2\/comments?post=215473"}],"version-history":[{"count":1,"href":"https:\/\/rnoticias.com.mx\/Portal\/wp-json\/wp\/v2\/posts\/215473\/revisions"}],"predecessor-version":[{"id":215475,"href":"https:\/\/rnoticias.com.mx\/Portal\/wp-json\/wp\/v2\/posts\/215473\/revisions\/215475"}],"wp:featuredmedia":[{"embeddable":true,"href":"https:\/\/rnoticias.com.mx\/Portal\/wp-json\/wp\/v2\/media\/215474"}],"wp:attachment":[{"href":"https:\/\/rnoticias.com.mx\/Portal\/wp-json\/wp\/v2\/media?parent=215473"}],"wp:term":[{"taxonomy":"category","embeddable":true,"href":"https:\/\/rnoticias.com.mx\/Portal\/wp-json\/wp\/v2\/categories?post=215473"},{"taxonomy":"post_tag","embeddable":true,"href":"https:\/\/rnoticias.com.mx\/Portal\/wp-json\/wp\/v2\/tags?post=215473"}],"curies":[{"name":"wp","href":"https:\/\/api.w.org\/{rel}","templated":true}]}}