{"id":215464,"date":"2025-04-19T17:22:40","date_gmt":"2025-04-19T17:22:40","guid":{"rendered":"https:\/\/rnoticias.com.mx\/Portal\/?p=215464"},"modified":"2025-04-19T17:22:40","modified_gmt":"2025-04-19T17:22:40","slug":"invita-gobierno-de-sonora-a-participar-en-la-41a-edicion-del-faot-froylan-gamez","status":"publish","type":"post","link":"https:\/\/rnoticias.com.mx\/Portal\/2025\/04\/19\/invita-gobierno-de-sonora-a-participar-en-la-41a-edicion-del-faot-froylan-gamez\/","title":{"rendered":"Invita Gobierno de Sonora a participar en la 41\u00aa edici\u00f3n del FAOT: Froyl\u00e1n G\u00e1mez"},"content":{"rendered":"<p>Hermosillo, Sonora; 19 de abril de 2025.- Con el objetivo de consolidar el prestigio alcanzado por el Festival Alfonso Ortiz Tirado en los \u00faltimos a\u00f1os, el Gobierno de Sonora convoca a la comunidad art\u00edstica en general, a instituciones educativas y a promotores culturales de M\u00e9xico y del extranjero a participar en la convocatoria para la 41\u00aa edici\u00f3n del FAOT \u00c1lamos 2026, anunci\u00f3 Froyl\u00e1n G\u00e1mez Gamboa.<\/p>\n<p>El titular de la Secretar\u00eda de Educaci\u00f3n y Cultura (SEC) detall\u00f3 que dicho festival se llevar\u00e1 a cabo del 23 al 31 de enero de 2026 en el Pueblo M\u00e1gico de \u00c1lamos, por lo que las personas interesadas en formar parte de la cartelera deber\u00e1n registrarse a trav\u00e9s del enlace\u00a0<a href=\"https:\/\/forms.gle\/XWCJo44fvUyTUGQUA\" target=\"_blank\" rel=\"noopener\" data-saferedirecturl=\"https:\/\/www.google.com\/url?q=https:\/\/forms.gle\/XWCJo44fvUyTUGQUA&amp;source=gmail&amp;ust=1744923802548000&amp;usg=AOvVaw0j8lb59xtQqB7_YFLGWy_9\">https:\/\/forms.gle\/<wbr \/>XWCJo44fvUyTUGQUA<\/a>\u00a0antes de las 23:59 horas del viernes 25 de abril.<\/p>\n<p>Indic\u00f3 que podr\u00e1n participar todas las personas mayores de edad, de nacionalidad mexicana o extranjeras con representaci\u00f3n legal en M\u00e9xico, enviando la documentaci\u00f3n requerida conforme a las bases publicadas en el portal\u00a0<a href=\"http:\/\/isc.sonora.gob.mx\/\" target=\"_blank\" rel=\"noopener\" data-saferedirecturl=\"https:\/\/www.google.com\/url?q=http:\/\/isc.sonora.gob.mx&amp;source=gmail&amp;ust=1744923802548000&amp;usg=AOvVaw0FA7476ejz8V3A9fBnnOkN\">isc.sonora.gob.mx<\/a>, que invit\u00f3 a consultar.<\/p>\n<p>G\u00e1mez Gamboa se\u00f1al\u00f3 que los resultados se publicar\u00e1n en el mismo portal durante julio de 2025, y adelant\u00f3 que se espera recibir alrededor de 450 propuestas, superando los 349 folios registrados en la edici\u00f3n anterior.<\/p>\n<p>Agreg\u00f3 que las modalidades de participaci\u00f3n incluyen presentaciones de m\u00fasica cl\u00e1sica, bel canto y otros g\u00e9neros musicales, as\u00ed como artes esc\u00e9nicas al aire libre y animaci\u00f3n callejera, preferentemente dirigidas a infancias y adolescencias, adem\u00e1s de exposiciones de artes visuales, arte de los pueblos originarios y talleres art\u00edsticos, entre otras disciplinas que garanticen el \u00e9xito del festival.<\/p>\n<p>\u201cEl\u00a0FAOT\u00a0se ha consolidado como el evento m\u00e1s importante de su tipo en el estado, albergando al mejor talento regional, nacional e internacional del bel canto y de otras manifestaciones art\u00edsticas\u201d, puntualiz\u00f3 el funcionario estatal.<\/p>\n","protected":false},"excerpt":{"rendered":"<p>Hermosillo, Sonora; 19 de abril de 2025.- Con el objetivo de consolidar el prestigio alcanzado por el Festival Alfonso Ortiz Tirado en los \u00faltimos a\u00f1os, el Gobierno de Sonora convoca a la comunidad art\u00edstica en general, a instituciones educativas y a promotores culturales de M\u00e9xico y del extranjero a participar en la convocatoria para la [&hellip;]<\/p>\n","protected":false},"author":2,"featured_media":215465,"comment_status":"closed","ping_status":"closed","sticky":false,"template":"","format":"standard","meta":{"footnotes":""},"categories":[12870,178],"tags":[12865,12869],"class_list":["post-215464","post","type-post","status-publish","format-standard","has-post-thumbnail","hentry","category-destacadas","category-local","tag-destacadas","tag-local"],"jetpack_featured_media_url":"https:\/\/rnoticias.com.mx\/Portal\/wp-content\/uploads\/2025\/04\/unnamed-1-38.jpg","amp_enabled":true,"_links":{"self":[{"href":"https:\/\/rnoticias.com.mx\/Portal\/wp-json\/wp\/v2\/posts\/215464","targetHints":{"allow":["GET"]}}],"collection":[{"href":"https:\/\/rnoticias.com.mx\/Portal\/wp-json\/wp\/v2\/posts"}],"about":[{"href":"https:\/\/rnoticias.com.mx\/Portal\/wp-json\/wp\/v2\/types\/post"}],"author":[{"embeddable":true,"href":"https:\/\/rnoticias.com.mx\/Portal\/wp-json\/wp\/v2\/users\/2"}],"replies":[{"embeddable":true,"href":"https:\/\/rnoticias.com.mx\/Portal\/wp-json\/wp\/v2\/comments?post=215464"}],"version-history":[{"count":1,"href":"https:\/\/rnoticias.com.mx\/Portal\/wp-json\/wp\/v2\/posts\/215464\/revisions"}],"predecessor-version":[{"id":215466,"href":"https:\/\/rnoticias.com.mx\/Portal\/wp-json\/wp\/v2\/posts\/215464\/revisions\/215466"}],"wp:featuredmedia":[{"embeddable":true,"href":"https:\/\/rnoticias.com.mx\/Portal\/wp-json\/wp\/v2\/media\/215465"}],"wp:attachment":[{"href":"https:\/\/rnoticias.com.mx\/Portal\/wp-json\/wp\/v2\/media?parent=215464"}],"wp:term":[{"taxonomy":"category","embeddable":true,"href":"https:\/\/rnoticias.com.mx\/Portal\/wp-json\/wp\/v2\/categories?post=215464"},{"taxonomy":"post_tag","embeddable":true,"href":"https:\/\/rnoticias.com.mx\/Portal\/wp-json\/wp\/v2\/tags?post=215464"}],"curies":[{"name":"wp","href":"https:\/\/api.w.org\/{rel}","templated":true}]}}