{"id":215461,"date":"2025-04-19T17:21:54","date_gmt":"2025-04-19T17:21:54","guid":{"rendered":"https:\/\/rnoticias.com.mx\/Portal\/?p=215461"},"modified":"2025-04-19T17:21:54","modified_gmt":"2025-04-19T17:21:54","slug":"gobierno-de-sonora-fortalece-la-justicia-con-el-primer-concurso-estatal-de-sentencias","status":"publish","type":"post","link":"https:\/\/rnoticias.com.mx\/Portal\/2025\/04\/19\/gobierno-de-sonora-fortalece-la-justicia-con-el-primer-concurso-estatal-de-sentencias\/","title":{"rendered":"Gobierno de Sonora fortalece la justicia con el primer Concurso Estatal de Sentencias"},"content":{"rendered":"<p align=\"left\">Hermosillo, Sonora; 19 de abril de 2025.- Con el prop\u00f3sito de fortalecer el acceso a la justicia para ni\u00f1as, ni\u00f1os y adolescentes, el Gobierno de Sonora, en coordinaci\u00f3n con el Poder Judicial del Estado, lanz\u00f3 la convocatoria del Primer Concurso Estatal de Sentencias con Perspectiva de Derechos de Infancia y Adolescencia.<\/p>\n<p align=\"left\">La iniciativa, \u00fanica en su tipo a nivel nacional, est\u00e1 dirigido a juezas y jueces de todo el estado, busca fomentar la aplicaci\u00f3n de est\u00e1ndares internacionales en derechos humanos, incentivando resoluciones judiciales que reconozcan y protejan los derechos de la ni\u00f1ez y adolescencia. El certamen tambi\u00e9n representa un paso estrat\u00e9gico para articular esfuerzos con otras entidades federativas y Sipinna nacional.<\/p>\n<p align=\"left\">Como parte de este ejercicio de fortalecimiento institucional, se premiar\u00e1n las tres mejores sentencias con montos de 50 mil, 30 mil y 20 mil pesos, reconociendo el compromiso y la excelencia en la impartici\u00f3n de justicia con enfoque de protecci\u00f3n integral.<\/p>\n<p align=\"left\">Al cierre de la convocatoria, se recibieron 43 sentencias dictadas en favor de ni\u00f1as, ni\u00f1os y adolescentes, cifra que refleja el inter\u00e9s y responsabilidad del Poder Judicial por construir una justicia sensible, incluyente y garante de derechos.<\/p>\n<p align=\"left\">La premiaci\u00f3n se llevar\u00e1 a cabo el pr\u00f3ximo 30 de abril, en el marco del D\u00eda de la Ni\u00f1ez. Este concurso cuenta con el respaldo de UNICEF y la Oficina de la Defensor\u00eda de los Derechos de la Infancia (ODDI), reafirmando el compromiso del Gobierno de Sonora con una justicia centrada en la infancia y adolescencia.<\/p>\n","protected":false},"excerpt":{"rendered":"<p>Hermosillo, Sonora; 19 de abril de 2025.- Con el prop\u00f3sito de fortalecer el acceso a la justicia para ni\u00f1as, ni\u00f1os y adolescentes, el Gobierno de Sonora, en coordinaci\u00f3n con el Poder Judicial del Estado, lanz\u00f3 la convocatoria del Primer Concurso Estatal de Sentencias con Perspectiva de Derechos de Infancia y Adolescencia. La iniciativa, \u00fanica en [&hellip;]<\/p>\n","protected":false},"author":2,"featured_media":215462,"comment_status":"closed","ping_status":"closed","sticky":false,"template":"","format":"standard","meta":{"footnotes":""},"categories":[12870,178],"tags":[12865,12869],"class_list":["post-215461","post","type-post","status-publish","format-standard","has-post-thumbnail","hentry","category-destacadas","category-local","tag-destacadas","tag-local"],"jetpack_featured_media_url":"https:\/\/rnoticias.com.mx\/Portal\/wp-content\/uploads\/2025\/04\/unnamed-89.jpg","amp_enabled":true,"_links":{"self":[{"href":"https:\/\/rnoticias.com.mx\/Portal\/wp-json\/wp\/v2\/posts\/215461","targetHints":{"allow":["GET"]}}],"collection":[{"href":"https:\/\/rnoticias.com.mx\/Portal\/wp-json\/wp\/v2\/posts"}],"about":[{"href":"https:\/\/rnoticias.com.mx\/Portal\/wp-json\/wp\/v2\/types\/post"}],"author":[{"embeddable":true,"href":"https:\/\/rnoticias.com.mx\/Portal\/wp-json\/wp\/v2\/users\/2"}],"replies":[{"embeddable":true,"href":"https:\/\/rnoticias.com.mx\/Portal\/wp-json\/wp\/v2\/comments?post=215461"}],"version-history":[{"count":1,"href":"https:\/\/rnoticias.com.mx\/Portal\/wp-json\/wp\/v2\/posts\/215461\/revisions"}],"predecessor-version":[{"id":215463,"href":"https:\/\/rnoticias.com.mx\/Portal\/wp-json\/wp\/v2\/posts\/215461\/revisions\/215463"}],"wp:featuredmedia":[{"embeddable":true,"href":"https:\/\/rnoticias.com.mx\/Portal\/wp-json\/wp\/v2\/media\/215462"}],"wp:attachment":[{"href":"https:\/\/rnoticias.com.mx\/Portal\/wp-json\/wp\/v2\/media?parent=215461"}],"wp:term":[{"taxonomy":"category","embeddable":true,"href":"https:\/\/rnoticias.com.mx\/Portal\/wp-json\/wp\/v2\/categories?post=215461"},{"taxonomy":"post_tag","embeddable":true,"href":"https:\/\/rnoticias.com.mx\/Portal\/wp-json\/wp\/v2\/tags?post=215461"}],"curies":[{"name":"wp","href":"https:\/\/api.w.org\/{rel}","templated":true}]}}